{"id":684,"date":"2016-10-03T11:06:00","date_gmt":"2016-10-03T09:06:00","guid":{"rendered":"https:\/\/as-hh-nord.de\/home\/?p=684"},"modified":"2022-03-13T20:04:39","modified_gmt":"2022-03-13T19:04:39","slug":"1-3-10-2016-motorsportweekend-gross-doelln","status":"publish","type":"post","link":"https:\/\/as-hh-nord.de\/home\/2016\/10\/03\/1-3-10-2016-motorsportweekend-gross-doelln\/","title":{"rendered":"1. &#8211; 3.10.2016 &#8211; Motorsportweekend Gro\u00df D\u00f6lln"},"content":{"rendered":"\n<p>Volles Programm am ersten Oktober-Wochenende in Gro\u00df D\u00f6lln. Am Samstag und Sonntag letzte Station der Slalom-DM f\u00fcr Henrik und Reinhard. Am Sonntag Track-Day auf Sektion A und B des Driving Center. Am Montag f\u00fcr Henrik und Reinhard noch das \u201eRace of Champions\u201c, ein Paralell-Clubslalom im ko-System.<br>Henrik und Reinhard fuhren am Freitag los um Papier- und technische Abnahme abzuhaken und kamen dann nach einigen Stauschwierigkeiten bei der Anfahrt mit etwas Versp\u00e4tung ins Hotel D\u00f6llnsee zum Abendessen mit den norddeutschen Wagenreferenten.<br>Am Samstagmorgen wurde es dann ernst. Bei trockener Strecke ging erst Reinhard, dann Henrik als letzter der ersten Startgruppe auf die Piste. Die Strecke war f\u00fcr die G4 nicht besonders selektiv. Henrik fuhr fast alles Vollgas und hatte Hans-Dieter Meckel mit dem schnellen BMW 116i im Genick. Es reichte aber im ersten Wertungslauf zu einem Zeitpolster von 0,7 Sekunden. Auch den zweiten Wertungslauf konnte Henrik gewinnen, diesmal mit zwei Zehnteln Vorsprung. Das erste Teilziel des Wochenendes hatte er erreicht: zehn Divisionssiege in der DM. Er hatte damit seine kleine theoretische Chance auf den Titel gewahrt, aus eigener Kraft konnte er aber nicht \u00fcber Platz 3 hinauskommen.<br>Reinhard hatte als Ziel die Top-30 der DM und ging entsprechend motiviert ins Rennen. Mit Platz 3 in der Klasse und Platz 5 in der Division fuhr er mehr Punkte ein, als er vorher gehofft hatte.<br>Gleich nach Zieldurchgang wurde Reinhard von Henrik ins Hotel gefahren und war bis in den Nachmittag in einer Konferenz der Norddeutschen Wagenreferenten. Nachmittags trudelte er dann wieder im Fahrerlager ein und auch Falk mit dem Logan wurde gesichtet. Henrik und Falk zogen mit dem Dacia in das andere Fahrerlager um und erledigten dort die Abnahme f\u00fcr den Track-Day.<br>Am fr\u00fchen Abend nach der Siegerehrung mit den bezaubernden PSV-Aces (siehe Foto) war dann der erste lange Tag geschafft.<br>Der Samstag war am Nachmittag noch mit reichlichen Regenschauern gew\u00fcrzt, f\u00fcr Sonntag war jedoch wieder trockenes Wetter mindestens f\u00fcr den Vormittag angesagt. Das war zwar auch richtig, aber die Strecke war zum Start der ersten Startgruppe noch feucht und rutschig.<br>Auf dem Slalomkurs ging Reinhard die Fahrt mit Slicks relativ vorsichtig an. Henrik als letzter der Startgruppe ging da schon deutlich forscher vor und hatte im Training bereits die deutliche Bestzeit in der Division. Gewann er am Vortag mit einer Sekunde Vorsprung, waren es jetzt fast f\u00fcnf. Reinhard hatte im ersten Wertungslauf zu sehr gebummelt und einige G5-Fahrer vor sich. Im zweiten machte er dann mehr Druck und in der letzten Kurve den Hampelmann. Der wegdriftende Mazda bewegte sich bis zur Grasnarbe und an einem Tor vorbei. Das war dann deutlich der letzte Platz f\u00fcr ihn. Aber trotzdem schaffte er es mit dem hauchd\u00fcnnen Vorsprung von 0,1 Punkten auf Platz 30 der DM-Tabelle und erreichte damit sein Saisonziel.<br>Die Sonntagsveranstaltung war nicht nur der letzte DM-Lauf, sondern wurde auch f\u00fcr den NAS-Cup gewertet. In dieser Serie war es der vorletzte Lauf. Henrik war eigentlich wegen der teilnehmerbezogenen Zusatzpunkte nur auf Kurs in die TOP-5 und die beiden hatten deshalb f\u00fcr den Endlauf in H\u00f6xter eine Woche sp\u00e4ter nicht genannt. Nach der Hochrechnung vorher waren Br\u00f6ker und Budde mit einem dicken Polster an Zusatzpunkten favorisiert und auch Hoffmann hatte mit massenhaft Nennungen in der Klasse den besseren Kurs. Mit dem sonnt\u00e4glichen Klassensieg kam Henrik jetzt auf 5 Klassensiege, die anderen hatten vorher Ausf\u00e4lle gehabt und mussten hier Punkten. Budde fiel mit Motorschaden aus und war aus dem Gesch\u00e4ft. Lars Br\u00f6ker fuhr seinen vierten Klassensieg ein, h\u00e4tte aber in H\u00f6xter auch noch einmal punkten m\u00fcssen. Dadurch, dass er aus terminlichen Gr\u00fcnden dort nicht teilnehmen kann, war er auch nicht mehr auf Siegeskurs. Jan Hoffmann gewann seine Klasse, ihm fehlte aber auch noch ein Klassensieg, den er in H\u00f6xter holen muss. Von seinen vielen Nennungen in der Klasse wurden aber einige vom Veranstalter gestrichen, so dass ihm jetzt bei einem Klassensieg 0,1 Punkte fehlen w\u00fcrden. Damit m\u00fcsste Henrik wohl durch einfaches Abwarten den NAS-Cup Sieg in trockenen T\u00fcchern haben.<br>Zur\u00fcck zur Veranstaltung. W\u00e4hrend Henrik schon mal zu Track A\/B hin\u00fcberradelte, r\u00e4umte Reinhard das Material auf und kam dann mit dem Transporter nach. Henrik war gerade auf die Strecke gefahren, da ging ein Wolkenbruch nieder, der die Strecke so unter Wasser setzte, dass einige Teilnehmer lieber den Kurs verlie\u00dfen. Henrik pfl\u00fcgte wie der Hecht im Karpfenteich \u00fcber die Strecke und \u00fcberrundete manchen anderen Teilnehmer mehrfach. Zum Ende des Stints kam dann die Sonne wieder heraus und die letzten Runden fuhr er unter einem wundersch\u00f6nen doppelten Regenbogen.<br>Henrik und Reinhard wechselten wieder ins Slalom-Fahrerlager und warteten im Shelter auf die Siegerehrung (bzw. zuerst auf das Abendessen). Falk stie\u00df noch dazu und wurde vom Veranstalter auch noch verpflegt, da er ja f\u00fcr die Slalom-Cup Ehrung hinbestellt worden war. Nachdem Henrik seinen Divisionssieger-Pokal abgeholt hatte, bekam Falk den Pokal mit schwarz-rot-goldener Verzierung f\u00fcr seinen dritten Platz im DMSB Slalom Cup Nord und anschlie\u00dfend Henrik noch den identischen Pokal mit anderer Beschriftung f\u00fcr den dritten Platz in der Deutschen Slalom Meisterschaft.<br>Henrik war auf dem dritten Platz geblieben, da er zwar einen Divisionssieg mehr hatte als die beiden vor ihm, einer war dann bei ihm aber Streichlauf und er hatte weniger Zusatzpunkte f\u00fcr die Anzahl der Starter in der Klasse aufzuweisen.<br>W\u00e4hrend Falk sich auf den Heimweg machte (und weit nach Mitternacht daheim war), bereiteten Henrik und Reinhard sich schon gedanklich auf das Race of Champions vor. Das Wetter spielte hier ja \u00fcberhaupt keine Rolle, da alle Teilnehmer die gleichen Bedingungen hatten. Es war aber am Montag dann sonnig und trocken.<br>Reinhard musste in der ersten Runde gegen Thomas Weber auf einem Clio antreten (es waren immer 2 Clio und 2 Logan abwechselnd im Einsatz). Knapp geschlagen flog er schon in der ersten Runde raus. In der n\u00e4chsten Runde waren noch einmal die \u201eQualifikanten\u201c unter sich, bis in Runde 3 dann die TOP-8 der DM-Tabelle eingriffen. Die hatten dann nat\u00fcrlich einen Trainingsr\u00fcckstand und eine schwere Aufgabe zu l\u00f6sen. In diesem Achtelfinale wurde auf 2 Siege gefahren. Henrik bekam als ersten Gegner Christian Laumann zugeteilt und musste auf Clio fahren. Er gewann mit 2:0 und hatte es jetzt im Viertelfinale mit Mario Fuchs, dem f\u00fcnften der DM, zu tun. Mario hatte das Pech, dass er auf dem Logan gegen Henrik antreten musste und es ging wieder 2:0 f\u00fcr Henrik aus. Im Halbfinale, das jetzt auf 3 Siege gefahren wurde, traf Henrik dann auf Nick Kollmeier, der in allen vier Runden mit dem Clio gefahren war. Das war eine schwierige Aufgabe und in Heat 1 verlor er. Heat 2 und 3 konnte er gewinnen und hatte den ersten \u201eMatchball\u201c. Er war deutlich schneller als Nick, ballerte aber mit einem Streifschuss eine Pylone weg und es stand 2:2. Der letzte Lauf musste jetzt entscheiden und Henrik machte kleine Fehler. Nick gewann knapp und Henrik war raus. Anschlie\u00dfend gewann Nick dann noch das Finale und ein tolles Wochenende fand mit der Siegerehrung des \u201eROC\u201c sein Ende.<br><br>Der Chronist entschuldigt sich ausdr\u00fccklich f\u00fcr die L\u00e4nge des Beitrags, aber es war wirklich viel los in Gro\u00df D\u00f6lln.<\/p>\n\n\n\n<p>Zu guter Letzt noch ein Hinweis auf den Film des ADAC BBR, der ganz unten nach den Bildern verlinkt ist.<\/p>\n\n\n\n<figure class=\"wp-block-image size-full\"><img loading=\"lazy\" decoding=\"async\" width=\"960\" height=\"576\" src=\"https:\/\/as-hh-nord.de\/wp-content\/uploads\/2022\/03\/20161003-Gross-Doelln02.jpg\" alt=\"\" class=\"wp-image-686\" srcset=\"https:\/\/as-hh-nord.de\/wp-content\/uploads\/2022\/03\/20161003-Gross-Doelln02.jpg 960w, https:\/\/as-hh-nord.de\/wp-content\/uploads\/2022\/03\/20161003-Gross-Doelln02-300x180.jpg 300w, https:\/\/as-hh-nord.de\/wp-content\/uploads\/2022\/03\/20161003-Gross-Doelln02-768x461.jpg 768w, https:\/\/as-hh-nord.de\/wp-content\/uploads\/2022\/03\/20161003-Gross-Doelln02-583x350.jpg 583w, https:\/\/as-hh-nord.de\/wp-content\/uploads\/2022\/03\/20161003-Gross-Doelln02-150x90.jpg 150w\" sizes=\"auto, (max-width: 960px) 100vw, 960px\" \/><figcaption>Reinhard unterwegs<\/figcaption><\/figure>\n\n\n\n<figure class=\"wp-block-image size-full\"><img loading=\"lazy\" decoding=\"async\" width=\"960\" height=\"576\" src=\"https:\/\/as-hh-nord.de\/wp-content\/uploads\/2022\/03\/20161003-Gross-Doelln01.jpg\" alt=\"\" class=\"wp-image-685\" srcset=\"https:\/\/as-hh-nord.de\/wp-content\/uploads\/2022\/03\/20161003-Gross-Doelln01.jpg 960w, https:\/\/as-hh-nord.de\/wp-content\/uploads\/2022\/03\/20161003-Gross-Doelln01-300x180.jpg 300w, https:\/\/as-hh-nord.de\/wp-content\/uploads\/2022\/03\/20161003-Gross-Doelln01-768x461.jpg 768w, https:\/\/as-hh-nord.de\/wp-content\/uploads\/2022\/03\/20161003-Gross-Doelln01-583x350.jpg 583w, https:\/\/as-hh-nord.de\/wp-content\/uploads\/2022\/03\/20161003-Gross-Doelln01-150x90.jpg 150w\" sizes=\"auto, (max-width: 960px) 100vw, 960px\" \/><figcaption>Henrik an gleicher Stelle<\/figcaption><\/figure>\n\n\n\n<figure class=\"wp-block-image size-full\"><img loading=\"lazy\" decoding=\"async\" width=\"960\" height=\"640\" src=\"https:\/\/as-hh-nord.de\/wp-content\/uploads\/2022\/03\/20161003-Gross-Doelln03.jpg\" alt=\"\" class=\"wp-image-687\" srcset=\"https:\/\/as-hh-nord.de\/wp-content\/uploads\/2022\/03\/20161003-Gross-Doelln03.jpg 960w, https:\/\/as-hh-nord.de\/wp-content\/uploads\/2022\/03\/20161003-Gross-Doelln03-300x200.jpg 300w, https:\/\/as-hh-nord.de\/wp-content\/uploads\/2022\/03\/20161003-Gross-Doelln03-768x512.jpg 768w, https:\/\/as-hh-nord.de\/wp-content\/uploads\/2022\/03\/20161003-Gross-Doelln03-525x350.jpg 525w, https:\/\/as-hh-nord.de\/wp-content\/uploads\/2022\/03\/20161003-Gross-Doelln03-150x100.jpg 150w\" sizes=\"auto, (max-width: 960px) 100vw, 960px\" \/><figcaption>Abendprogramm mit den Aces<\/figcaption><\/figure>\n\n\n\n<figure class=\"wp-block-image size-large\"><img loading=\"lazy\" decoding=\"async\" width=\"1024\" height=\"576\" src=\"https:\/\/as-hh-nord.de\/wp-content\/uploads\/2022\/03\/20161003-Gross-Doelln04-1024x576.jpg\" alt=\"\" class=\"wp-image-688\" srcset=\"https:\/\/as-hh-nord.de\/wp-content\/uploads\/2022\/03\/20161003-Gross-Doelln04-1024x576.jpg 1024w, https:\/\/as-hh-nord.de\/wp-content\/uploads\/2022\/03\/20161003-Gross-Doelln04-300x169.jpg 300w, https:\/\/as-hh-nord.de\/wp-content\/uploads\/2022\/03\/20161003-Gross-Doelln04-768x432.jpg 768w, https:\/\/as-hh-nord.de\/wp-content\/uploads\/2022\/03\/20161003-Gross-Doelln04-1536x864.jpg 1536w, https:\/\/as-hh-nord.de\/wp-content\/uploads\/2022\/03\/20161003-Gross-Doelln04-2048x1152.jpg 2048w, https:\/\/as-hh-nord.de\/wp-content\/uploads\/2022\/03\/20161003-Gross-Doelln04-622x350.jpg 622w, https:\/\/as-hh-nord.de\/wp-content\/uploads\/2022\/03\/20161003-Gross-Doelln04-150x84.jpg 150w\" sizes=\"auto, (max-width: 1024px) 100vw, 1024px\" \/><figcaption>Siegerehrung G4 am Samstag<\/figcaption><\/figure>\n\n\n\n<figure class=\"wp-block-image size-full\"><img loading=\"lazy\" decoding=\"async\" width=\"960\" height=\"638\" src=\"https:\/\/as-hh-nord.de\/wp-content\/uploads\/2022\/03\/20161003-Gross-Doelln05.jpg\" alt=\"\" class=\"wp-image-689\" srcset=\"https:\/\/as-hh-nord.de\/wp-content\/uploads\/2022\/03\/20161003-Gross-Doelln05.jpg 960w, https:\/\/as-hh-nord.de\/wp-content\/uploads\/2022\/03\/20161003-Gross-Doelln05-300x199.jpg 300w, https:\/\/as-hh-nord.de\/wp-content\/uploads\/2022\/03\/20161003-Gross-Doelln05-768x510.jpg 768w, https:\/\/as-hh-nord.de\/wp-content\/uploads\/2022\/03\/20161003-Gross-Doelln05-527x350.jpg 527w, https:\/\/as-hh-nord.de\/wp-content\/uploads\/2022\/03\/20161003-Gross-Doelln05-150x100.jpg 150w\" sizes=\"auto, (max-width: 960px) 100vw, 960px\" \/><figcaption>Trackday auf Sekton A\/B am Sonntag<\/figcaption><\/figure>\n\n\n\n<figure class=\"wp-block-image size-large\"><img loading=\"lazy\" decoding=\"async\" width=\"1024\" height=\"577\" src=\"https:\/\/as-hh-nord.de\/wp-content\/uploads\/2022\/03\/20161003-Gross-Doelln06-1024x577.jpg\" alt=\"\" class=\"wp-image-690\" srcset=\"https:\/\/as-hh-nord.de\/wp-content\/uploads\/2022\/03\/20161003-Gross-Doelln06-1024x577.jpg 1024w, https:\/\/as-hh-nord.de\/wp-content\/uploads\/2022\/03\/20161003-Gross-Doelln06-300x169.jpg 300w, https:\/\/as-hh-nord.de\/wp-content\/uploads\/2022\/03\/20161003-Gross-Doelln06-768x433.jpg 768w, https:\/\/as-hh-nord.de\/wp-content\/uploads\/2022\/03\/20161003-Gross-Doelln06-1536x866.jpg 1536w, https:\/\/as-hh-nord.de\/wp-content\/uploads\/2022\/03\/20161003-Gross-Doelln06-2048x1155.jpg 2048w, https:\/\/as-hh-nord.de\/wp-content\/uploads\/2022\/03\/20161003-Gross-Doelln06-621x350.jpg 621w, https:\/\/as-hh-nord.de\/wp-content\/uploads\/2022\/03\/20161003-Gross-Doelln06-150x85.jpg 150w\" sizes=\"auto, (max-width: 1024px) 100vw, 1024px\" \/><figcaption>Siegerehrung DMSB-Cup Nord<\/figcaption><\/figure>\n\n\n\n<figure class=\"wp-block-image size-large\"><img loading=\"lazy\" decoding=\"async\" width=\"1024\" height=\"577\" src=\"https:\/\/as-hh-nord.de\/wp-content\/uploads\/2022\/03\/20161003-Gross-Doelln07-1024x577.jpg\" alt=\"\" class=\"wp-image-691\" srcset=\"https:\/\/as-hh-nord.de\/wp-content\/uploads\/2022\/03\/20161003-Gross-Doelln07-1024x577.jpg 1024w, https:\/\/as-hh-nord.de\/wp-content\/uploads\/2022\/03\/20161003-Gross-Doelln07-300x169.jpg 300w, https:\/\/as-hh-nord.de\/wp-content\/uploads\/2022\/03\/20161003-Gross-Doelln07-768x433.jpg 768w, https:\/\/as-hh-nord.de\/wp-content\/uploads\/2022\/03\/20161003-Gross-Doelln07-1536x866.jpg 1536w, https:\/\/as-hh-nord.de\/wp-content\/uploads\/2022\/03\/20161003-Gross-Doelln07-2048x1155.jpg 2048w, https:\/\/as-hh-nord.de\/wp-content\/uploads\/2022\/03\/20161003-Gross-Doelln07-621x350.jpg 621w, https:\/\/as-hh-nord.de\/wp-content\/uploads\/2022\/03\/20161003-Gross-Doelln07-150x85.jpg 150w\" sizes=\"auto, (max-width: 1024px) 100vw, 1024px\" \/><figcaption>Siegerehrung DM<\/figcaption><\/figure>\n\n\n\n<figure class=\"wp-block-image size-large\"><img loading=\"lazy\" decoding=\"async\" width=\"1024\" height=\"577\" src=\"https:\/\/as-hh-nord.de\/wp-content\/uploads\/2022\/03\/20161003-Gross-Doelln08-1024x577.jpg\" alt=\"\" class=\"wp-image-692\" srcset=\"https:\/\/as-hh-nord.de\/wp-content\/uploads\/2022\/03\/20161003-Gross-Doelln08-1024x577.jpg 1024w, https:\/\/as-hh-nord.de\/wp-content\/uploads\/2022\/03\/20161003-Gross-Doelln08-300x169.jpg 300w, https:\/\/as-hh-nord.de\/wp-content\/uploads\/2022\/03\/20161003-Gross-Doelln08-768x433.jpg 768w, https:\/\/as-hh-nord.de\/wp-content\/uploads\/2022\/03\/20161003-Gross-Doelln08-1536x866.jpg 1536w, https:\/\/as-hh-nord.de\/wp-content\/uploads\/2022\/03\/20161003-Gross-Doelln08-2048x1155.jpg 2048w, https:\/\/as-hh-nord.de\/wp-content\/uploads\/2022\/03\/20161003-Gross-Doelln08-621x350.jpg 621w, https:\/\/as-hh-nord.de\/wp-content\/uploads\/2022\/03\/20161003-Gross-Doelln08-150x85.jpg 150w\" sizes=\"auto, (max-width: 1024px) 100vw, 1024px\" \/><figcaption><strong>Race of Champions &#8211; Henrik auf Fuchsjagd<\/strong>&nbsp;<\/figcaption><\/figure>\n\n\n\n<figure class=\"wp-block-image size-large\"><img loading=\"lazy\" decoding=\"async\" width=\"1024\" height=\"577\" src=\"https:\/\/as-hh-nord.de\/wp-content\/uploads\/2022\/03\/20161003-Gross-Doelln10-1024x577.jpg\" alt=\"\" class=\"wp-image-694\" srcset=\"https:\/\/as-hh-nord.de\/wp-content\/uploads\/2022\/03\/20161003-Gross-Doelln10-1024x577.jpg 1024w, https:\/\/as-hh-nord.de\/wp-content\/uploads\/2022\/03\/20161003-Gross-Doelln10-300x169.jpg 300w, https:\/\/as-hh-nord.de\/wp-content\/uploads\/2022\/03\/20161003-Gross-Doelln10-768x433.jpg 768w, https:\/\/as-hh-nord.de\/wp-content\/uploads\/2022\/03\/20161003-Gross-Doelln10-1536x866.jpg 1536w, https:\/\/as-hh-nord.de\/wp-content\/uploads\/2022\/03\/20161003-Gross-Doelln10-2048x1155.jpg 2048w, https:\/\/as-hh-nord.de\/wp-content\/uploads\/2022\/03\/20161003-Gross-Doelln10-621x350.jpg 621w, https:\/\/as-hh-nord.de\/wp-content\/uploads\/2022\/03\/20161003-Gross-Doelln10-150x85.jpg 150w\" sizes=\"auto, (max-width: 1024px) 100vw, 1024px\" \/><figcaption>Viertelfinale auf Dacia<\/figcaption><\/figure>\n\n\n\n<figure class=\"wp-block-image size-large\"><img loading=\"lazy\" decoding=\"async\" width=\"1024\" height=\"577\" src=\"https:\/\/as-hh-nord.de\/wp-content\/uploads\/2022\/03\/20161003-Gross-Doelln09-1024x577.jpg\" alt=\"\" class=\"wp-image-693\" srcset=\"https:\/\/as-hh-nord.de\/wp-content\/uploads\/2022\/03\/20161003-Gross-Doelln09-1024x577.jpg 1024w, https:\/\/as-hh-nord.de\/wp-content\/uploads\/2022\/03\/20161003-Gross-Doelln09-300x169.jpg 300w, https:\/\/as-hh-nord.de\/wp-content\/uploads\/2022\/03\/20161003-Gross-Doelln09-768x433.jpg 768w, https:\/\/as-hh-nord.de\/wp-content\/uploads\/2022\/03\/20161003-Gross-Doelln09-1536x866.jpg 1536w, https:\/\/as-hh-nord.de\/wp-content\/uploads\/2022\/03\/20161003-Gross-Doelln09-2048x1155.jpg 2048w, https:\/\/as-hh-nord.de\/wp-content\/uploads\/2022\/03\/20161003-Gross-Doelln09-621x350.jpg 621w, https:\/\/as-hh-nord.de\/wp-content\/uploads\/2022\/03\/20161003-Gross-Doelln09-150x85.jpg 150w\" sizes=\"auto, (max-width: 1024px) 100vw, 1024px\" \/><figcaption>Halbfinale auf Clio<\/figcaption><\/figure>\n\n\n\n<p class=\"has-medium-font-size\">Nachstehend ein Film des ADAC BBR :<\/p>\n\n\n<p><a href=\"https:\/\/as-hh-nord.de\/wp-content\/uploads\/2022\/03\/20161002-Doelln-5000-Deutsche-Slalom-Meisterschaft-2016.mp4\" target=\"_blank\" rel=\"noopener\">Film zur Veranstaltung<\/a><\/p>\n\n\n<p><\/p>\n","protected":false},"excerpt":{"rendered":"<p>Volles Programm am ersten Oktober-Wochenende in Gro\u00df D\u00f6lln. Am Samstag und Sonntag letzte Station der Slalom-DM f\u00fcr Henrik und Reinhard. Am Sonntag Track-Day auf Sektion A und B des Driving Center. Am Montag f\u00fcr Henrik und Reinhard noch das \u201eRace of Champions\u201c, ein Paralell-Clubslalom im ko-System.Henrik und Reinhard fuhren am&#8230; <a class=\"continue-reading-link\" href=\"https:\/\/as-hh-nord.de\/home\/2016\/10\/03\/1-3-10-2016-motorsportweekend-gross-doelln\/\">mehr<\/a><\/p>\n","protected":false},"author":2,"featured_media":686,"comment_status":"open","ping_status":"open","sticky":false,"template":"","format":"standard","meta":{"footnotes":""},"categories":[13,4],"tags":[],"class_list":["post-684","post","type-post","status-publish","format-standard","has-post-thumbnail","hentry","category-a-slalom","category-slalom"],"yoast_head":"<!-- This site is optimized with the Yoast SEO plugin v27.5 - https:\/\/yoast.com\/product\/yoast-seo-wordpress\/ -->\n<title>1. - 3.10.2016 - Motorsportweekend Gro\u00df D\u00f6lln - Automobilsport Hamburg-Nord e.V. im ADAC<\/title>\n<meta name=\"robots\" content=\"index, follow, max-snippet:-1, max-image-preview:large, max-video-preview:-1\" \/>\n<link rel=\"canonical\" href=\"https:\/\/as-hh-nord.de\/home\/2016\/10\/03\/1-3-10-2016-motorsportweekend-gross-doelln\/\" \/>\n<meta property=\"og:locale\" content=\"de_DE\" \/>\n<meta property=\"og:type\" content=\"article\" \/>\n<meta property=\"og:title\" content=\"1. - 3.10.2016 - Motorsportweekend Gro\u00df D\u00f6lln - Automobilsport Hamburg-Nord e.V. im ADAC\" \/>\n<meta property=\"og:description\" content=\"Volles Programm am ersten Oktober-Wochenende in Gro\u00df D\u00f6lln. Am Samstag und Sonntag letzte Station der Slalom-DM f\u00fcr Henrik und Reinhard. Am Sonntag Track-Day auf Sektion A und B des Driving Center. Am Montag f\u00fcr Henrik und Reinhard noch das \u201eRace of Champions\u201c, ein Paralell-Clubslalom im ko-System.Henrik und Reinhard fuhren am... mehr\" \/>\n<meta property=\"og:url\" content=\"https:\/\/as-hh-nord.de\/home\/2016\/10\/03\/1-3-10-2016-motorsportweekend-gross-doelln\/\" \/>\n<meta property=\"og:site_name\" content=\"Automobilsport Hamburg-Nord e.V. im ADAC\" \/>\n<meta property=\"article:published_time\" content=\"2016-10-03T09:06:00+00:00\" \/>\n<meta property=\"article:modified_time\" content=\"2022-03-13T19:04:39+00:00\" \/>\n<meta property=\"og:image\" content=\"https:\/\/as-hh-nord.de\/wp-content\/uploads\/2022\/03\/20161003-Gross-Doelln02.jpg\" \/>\n\t<meta property=\"og:image:width\" content=\"960\" \/>\n\t<meta property=\"og:image:height\" content=\"576\" \/>\n\t<meta property=\"og:image:type\" content=\"image\/jpeg\" \/>\n<meta name=\"author\" content=\"Reinhard Stoldt\" \/>\n<meta name=\"twitter:card\" content=\"summary_large_image\" \/>\n<meta name=\"twitter:label1\" content=\"Verfasst von\" \/>\n\t<meta name=\"twitter:data1\" content=\"Reinhard Stoldt\" \/>\n\t<meta name=\"twitter:label2\" content=\"Gesch\u00e4tzte Lesezeit\" \/>\n\t<meta name=\"twitter:data2\" content=\"9\u00a0Minuten\" \/>\n<script type=\"application\/ld+json\" class=\"yoast-schema-graph\">{\"@context\":\"https:\\\/\\\/schema.org\",\"@graph\":[{\"@type\":\"Article\",\"@id\":\"https:\\\/\\\/as-hh-nord.de\\\/home\\\/2016\\\/10\\\/03\\\/1-3-10-2016-motorsportweekend-gross-doelln\\\/#article\",\"isPartOf\":{\"@id\":\"https:\\\/\\\/as-hh-nord.de\\\/home\\\/2016\\\/10\\\/03\\\/1-3-10-2016-motorsportweekend-gross-doelln\\\/\"},\"author\":{\"name\":\"Reinhard Stoldt\",\"@id\":\"https:\\\/\\\/as-hh-nord.de\\\/home\\\/#\\\/schema\\\/person\\\/b39f77383e560a709fdae3435ff73c0f\"},\"headline\":\"1. &#8211; 3.10.2016 &#8211; Motorsportweekend Gro\u00df D\u00f6lln\",\"datePublished\":\"2016-10-03T09:06:00+00:00\",\"dateModified\":\"2022-03-13T19:04:39+00:00\",\"mainEntityOfPage\":{\"@id\":\"https:\\\/\\\/as-hh-nord.de\\\/home\\\/2016\\\/10\\\/03\\\/1-3-10-2016-motorsportweekend-gross-doelln\\\/\"},\"wordCount\":1275,\"commentCount\":0,\"image\":{\"@id\":\"https:\\\/\\\/as-hh-nord.de\\\/home\\\/2016\\\/10\\\/03\\\/1-3-10-2016-motorsportweekend-gross-doelln\\\/#primaryimage\"},\"thumbnailUrl\":\"https:\\\/\\\/as-hh-nord.de\\\/wp-content\\\/uploads\\\/2022\\\/03\\\/20161003-Gross-Doelln02.jpg\",\"articleSection\":[\"A-Slalom\",\"Slalom\"],\"inLanguage\":\"de\",\"potentialAction\":[{\"@type\":\"CommentAction\",\"name\":\"Comment\",\"target\":[\"https:\\\/\\\/as-hh-nord.de\\\/home\\\/2016\\\/10\\\/03\\\/1-3-10-2016-motorsportweekend-gross-doelln\\\/#respond\"]}]},{\"@type\":\"WebPage\",\"@id\":\"https:\\\/\\\/as-hh-nord.de\\\/home\\\/2016\\\/10\\\/03\\\/1-3-10-2016-motorsportweekend-gross-doelln\\\/\",\"url\":\"https:\\\/\\\/as-hh-nord.de\\\/home\\\/2016\\\/10\\\/03\\\/1-3-10-2016-motorsportweekend-gross-doelln\\\/\",\"name\":\"1. - 3.10.2016 - Motorsportweekend Gro\u00df D\u00f6lln - Automobilsport Hamburg-Nord e.V. im ADAC\",\"isPartOf\":{\"@id\":\"https:\\\/\\\/as-hh-nord.de\\\/home\\\/#website\"},\"primaryImageOfPage\":{\"@id\":\"https:\\\/\\\/as-hh-nord.de\\\/home\\\/2016\\\/10\\\/03\\\/1-3-10-2016-motorsportweekend-gross-doelln\\\/#primaryimage\"},\"image\":{\"@id\":\"https:\\\/\\\/as-hh-nord.de\\\/home\\\/2016\\\/10\\\/03\\\/1-3-10-2016-motorsportweekend-gross-doelln\\\/#primaryimage\"},\"thumbnailUrl\":\"https:\\\/\\\/as-hh-nord.de\\\/wp-content\\\/uploads\\\/2022\\\/03\\\/20161003-Gross-Doelln02.jpg\",\"datePublished\":\"2016-10-03T09:06:00+00:00\",\"dateModified\":\"2022-03-13T19:04:39+00:00\",\"author\":{\"@id\":\"https:\\\/\\\/as-hh-nord.de\\\/home\\\/#\\\/schema\\\/person\\\/b39f77383e560a709fdae3435ff73c0f\"},\"breadcrumb\":{\"@id\":\"https:\\\/\\\/as-hh-nord.de\\\/home\\\/2016\\\/10\\\/03\\\/1-3-10-2016-motorsportweekend-gross-doelln\\\/#breadcrumb\"},\"inLanguage\":\"de\",\"potentialAction\":[{\"@type\":\"ReadAction\",\"target\":[\"https:\\\/\\\/as-hh-nord.de\\\/home\\\/2016\\\/10\\\/03\\\/1-3-10-2016-motorsportweekend-gross-doelln\\\/\"]}]},{\"@type\":\"ImageObject\",\"inLanguage\":\"de\",\"@id\":\"https:\\\/\\\/as-hh-nord.de\\\/home\\\/2016\\\/10\\\/03\\\/1-3-10-2016-motorsportweekend-gross-doelln\\\/#primaryimage\",\"url\":\"https:\\\/\\\/as-hh-nord.de\\\/wp-content\\\/uploads\\\/2022\\\/03\\\/20161003-Gross-Doelln02.jpg\",\"contentUrl\":\"https:\\\/\\\/as-hh-nord.de\\\/wp-content\\\/uploads\\\/2022\\\/03\\\/20161003-Gross-Doelln02.jpg\",\"width\":960,\"height\":576},{\"@type\":\"BreadcrumbList\",\"@id\":\"https:\\\/\\\/as-hh-nord.de\\\/home\\\/2016\\\/10\\\/03\\\/1-3-10-2016-motorsportweekend-gross-doelln\\\/#breadcrumb\",\"itemListElement\":[{\"@type\":\"ListItem\",\"position\":1,\"name\":\"Startseite\",\"item\":\"https:\\\/\\\/as-hh-nord.de\\\/home\\\/\"},{\"@type\":\"ListItem\",\"position\":2,\"name\":\"1. &#8211; 3.10.2016 &#8211; Motorsportweekend Gro\u00df D\u00f6lln\"}]},{\"@type\":\"WebSite\",\"@id\":\"https:\\\/\\\/as-hh-nord.de\\\/home\\\/#website\",\"url\":\"https:\\\/\\\/as-hh-nord.de\\\/home\\\/\",\"name\":\"Automobilsport Hamburg-Nord e.V. im ADAC\",\"description\":\"\",\"potentialAction\":[{\"@type\":\"SearchAction\",\"target\":{\"@type\":\"EntryPoint\",\"urlTemplate\":\"https:\\\/\\\/as-hh-nord.de\\\/home\\\/?s={search_term_string}\"},\"query-input\":{\"@type\":\"PropertyValueSpecification\",\"valueRequired\":true,\"valueName\":\"search_term_string\"}}],\"inLanguage\":\"de\"},{\"@type\":\"Person\",\"@id\":\"https:\\\/\\\/as-hh-nord.de\\\/home\\\/#\\\/schema\\\/person\\\/b39f77383e560a709fdae3435ff73c0f\",\"name\":\"Reinhard Stoldt\",\"image\":{\"@type\":\"ImageObject\",\"inLanguage\":\"de\",\"@id\":\"https:\\\/\\\/secure.gravatar.com\\\/avatar\\\/5e8e6842f9b215f30012b87b27c7eafe610cd3acd485b024feb3a1d5b48c0a70?s=96&d=mm&r=g\",\"url\":\"https:\\\/\\\/secure.gravatar.com\\\/avatar\\\/5e8e6842f9b215f30012b87b27c7eafe610cd3acd485b024feb3a1d5b48c0a70?s=96&d=mm&r=g\",\"contentUrl\":\"https:\\\/\\\/secure.gravatar.com\\\/avatar\\\/5e8e6842f9b215f30012b87b27c7eafe610cd3acd485b024feb3a1d5b48c0a70?s=96&d=mm&r=g\",\"caption\":\"Reinhard Stoldt\"},\"url\":\"https:\\\/\\\/as-hh-nord.de\\\/home\\\/author\\\/reinhard-stoldt\\\/\"}]}<\/script>\n<!-- \/ Yoast SEO plugin. -->","yoast_head_json":{"title":"1. - 3.10.2016 - Motorsportweekend Gro\u00df D\u00f6lln - Automobilsport Hamburg-Nord e.V. im ADAC","robots":{"index":"index","follow":"follow","max-snippet":"max-snippet:-1","max-image-preview":"max-image-preview:large","max-video-preview":"max-video-preview:-1"},"canonical":"https:\/\/as-hh-nord.de\/home\/2016\/10\/03\/1-3-10-2016-motorsportweekend-gross-doelln\/","og_locale":"de_DE","og_type":"article","og_title":"1. - 3.10.2016 - Motorsportweekend Gro\u00df D\u00f6lln - Automobilsport Hamburg-Nord e.V. im ADAC","og_description":"Volles Programm am ersten Oktober-Wochenende in Gro\u00df D\u00f6lln. Am Samstag und Sonntag letzte Station der Slalom-DM f\u00fcr Henrik und Reinhard. Am Sonntag Track-Day auf Sektion A und B des Driving Center. Am Montag f\u00fcr Henrik und Reinhard noch das \u201eRace of Champions\u201c, ein Paralell-Clubslalom im ko-System.Henrik und Reinhard fuhren am... mehr","og_url":"https:\/\/as-hh-nord.de\/home\/2016\/10\/03\/1-3-10-2016-motorsportweekend-gross-doelln\/","og_site_name":"Automobilsport Hamburg-Nord e.V. im ADAC","article_published_time":"2016-10-03T09:06:00+00:00","article_modified_time":"2022-03-13T19:04:39+00:00","og_image":[{"width":960,"height":576,"url":"https:\/\/as-hh-nord.de\/wp-content\/uploads\/2022\/03\/20161003-Gross-Doelln02.jpg","type":"image\/jpeg"}],"author":"Reinhard Stoldt","twitter_card":"summary_large_image","twitter_misc":{"Verfasst von":"Reinhard Stoldt","Gesch\u00e4tzte Lesezeit":"9\u00a0Minuten"},"schema":{"@context":"https:\/\/schema.org","@graph":[{"@type":"Article","@id":"https:\/\/as-hh-nord.de\/home\/2016\/10\/03\/1-3-10-2016-motorsportweekend-gross-doelln\/#article","isPartOf":{"@id":"https:\/\/as-hh-nord.de\/home\/2016\/10\/03\/1-3-10-2016-motorsportweekend-gross-doelln\/"},"author":{"name":"Reinhard Stoldt","@id":"https:\/\/as-hh-nord.de\/home\/#\/schema\/person\/b39f77383e560a709fdae3435ff73c0f"},"headline":"1. &#8211; 3.10.2016 &#8211; Motorsportweekend Gro\u00df D\u00f6lln","datePublished":"2016-10-03T09:06:00+00:00","dateModified":"2022-03-13T19:04:39+00:00","mainEntityOfPage":{"@id":"https:\/\/as-hh-nord.de\/home\/2016\/10\/03\/1-3-10-2016-motorsportweekend-gross-doelln\/"},"wordCount":1275,"commentCount":0,"image":{"@id":"https:\/\/as-hh-nord.de\/home\/2016\/10\/03\/1-3-10-2016-motorsportweekend-gross-doelln\/#primaryimage"},"thumbnailUrl":"https:\/\/as-hh-nord.de\/wp-content\/uploads\/2022\/03\/20161003-Gross-Doelln02.jpg","articleSection":["A-Slalom","Slalom"],"inLanguage":"de","potentialAction":[{"@type":"CommentAction","name":"Comment","target":["https:\/\/as-hh-nord.de\/home\/2016\/10\/03\/1-3-10-2016-motorsportweekend-gross-doelln\/#respond"]}]},{"@type":"WebPage","@id":"https:\/\/as-hh-nord.de\/home\/2016\/10\/03\/1-3-10-2016-motorsportweekend-gross-doelln\/","url":"https:\/\/as-hh-nord.de\/home\/2016\/10\/03\/1-3-10-2016-motorsportweekend-gross-doelln\/","name":"1. - 3.10.2016 - Motorsportweekend Gro\u00df D\u00f6lln - Automobilsport Hamburg-Nord e.V. im ADAC","isPartOf":{"@id":"https:\/\/as-hh-nord.de\/home\/#website"},"primaryImageOfPage":{"@id":"https:\/\/as-hh-nord.de\/home\/2016\/10\/03\/1-3-10-2016-motorsportweekend-gross-doelln\/#primaryimage"},"image":{"@id":"https:\/\/as-hh-nord.de\/home\/2016\/10\/03\/1-3-10-2016-motorsportweekend-gross-doelln\/#primaryimage"},"thumbnailUrl":"https:\/\/as-hh-nord.de\/wp-content\/uploads\/2022\/03\/20161003-Gross-Doelln02.jpg","datePublished":"2016-10-03T09:06:00+00:00","dateModified":"2022-03-13T19:04:39+00:00","author":{"@id":"https:\/\/as-hh-nord.de\/home\/#\/schema\/person\/b39f77383e560a709fdae3435ff73c0f"},"breadcrumb":{"@id":"https:\/\/as-hh-nord.de\/home\/2016\/10\/03\/1-3-10-2016-motorsportweekend-gross-doelln\/#breadcrumb"},"inLanguage":"de","potentialAction":[{"@type":"ReadAction","target":["https:\/\/as-hh-nord.de\/home\/2016\/10\/03\/1-3-10-2016-motorsportweekend-gross-doelln\/"]}]},{"@type":"ImageObject","inLanguage":"de","@id":"https:\/\/as-hh-nord.de\/home\/2016\/10\/03\/1-3-10-2016-motorsportweekend-gross-doelln\/#primaryimage","url":"https:\/\/as-hh-nord.de\/wp-content\/uploads\/2022\/03\/20161003-Gross-Doelln02.jpg","contentUrl":"https:\/\/as-hh-nord.de\/wp-content\/uploads\/2022\/03\/20161003-Gross-Doelln02.jpg","width":960,"height":576},{"@type":"BreadcrumbList","@id":"https:\/\/as-hh-nord.de\/home\/2016\/10\/03\/1-3-10-2016-motorsportweekend-gross-doelln\/#breadcrumb","itemListElement":[{"@type":"ListItem","position":1,"name":"Startseite","item":"https:\/\/as-hh-nord.de\/home\/"},{"@type":"ListItem","position":2,"name":"1. &#8211; 3.10.2016 &#8211; Motorsportweekend Gro\u00df D\u00f6lln"}]},{"@type":"WebSite","@id":"https:\/\/as-hh-nord.de\/home\/#website","url":"https:\/\/as-hh-nord.de\/home\/","name":"Automobilsport Hamburg-Nord e.V. im ADAC","description":"","potentialAction":[{"@type":"SearchAction","target":{"@type":"EntryPoint","urlTemplate":"https:\/\/as-hh-nord.de\/home\/?s={search_term_string}"},"query-input":{"@type":"PropertyValueSpecification","valueRequired":true,"valueName":"search_term_string"}}],"inLanguage":"de"},{"@type":"Person","@id":"https:\/\/as-hh-nord.de\/home\/#\/schema\/person\/b39f77383e560a709fdae3435ff73c0f","name":"Reinhard Stoldt","image":{"@type":"ImageObject","inLanguage":"de","@id":"https:\/\/secure.gravatar.com\/avatar\/5e8e6842f9b215f30012b87b27c7eafe610cd3acd485b024feb3a1d5b48c0a70?s=96&d=mm&r=g","url":"https:\/\/secure.gravatar.com\/avatar\/5e8e6842f9b215f30012b87b27c7eafe610cd3acd485b024feb3a1d5b48c0a70?s=96&d=mm&r=g","contentUrl":"https:\/\/secure.gravatar.com\/avatar\/5e8e6842f9b215f30012b87b27c7eafe610cd3acd485b024feb3a1d5b48c0a70?s=96&d=mm&r=g","caption":"Reinhard Stoldt"},"url":"https:\/\/as-hh-nord.de\/home\/author\/reinhard-stoldt\/"}]}},"_links":{"self":[{"href":"https:\/\/as-hh-nord.de\/home\/wp-json\/wp\/v2\/posts\/684","targetHints":{"allow":["GET"]}}],"collection":[{"href":"https:\/\/as-hh-nord.de\/home\/wp-json\/wp\/v2\/posts"}],"about":[{"href":"https:\/\/as-hh-nord.de\/home\/wp-json\/wp\/v2\/types\/post"}],"author":[{"embeddable":true,"href":"https:\/\/as-hh-nord.de\/home\/wp-json\/wp\/v2\/users\/2"}],"replies":[{"embeddable":true,"href":"https:\/\/as-hh-nord.de\/home\/wp-json\/wp\/v2\/comments?post=684"}],"version-history":[{"count":4,"href":"https:\/\/as-hh-nord.de\/home\/wp-json\/wp\/v2\/posts\/684\/revisions"}],"predecessor-version":[{"id":754,"href":"https:\/\/as-hh-nord.de\/home\/wp-json\/wp\/v2\/posts\/684\/revisions\/754"}],"wp:featuredmedia":[{"embeddable":true,"href":"https:\/\/as-hh-nord.de\/home\/wp-json\/wp\/v2\/media\/686"}],"wp:attachment":[{"href":"https:\/\/as-hh-nord.de\/home\/wp-json\/wp\/v2\/media?parent=684"}],"wp:term":[{"taxonomy":"category","embeddable":true,"href":"https:\/\/as-hh-nord.de\/home\/wp-json\/wp\/v2\/categories?post=684"},{"taxonomy":"post_tag","embeddable":true,"href":"https:\/\/as-hh-nord.de\/home\/wp-json\/wp\/v2\/tags?post=684"}],"curies":[{"name":"wp","href":"https:\/\/api.w.org\/{rel}","templated":true}]}}