{"id":658,"date":"2017-08-27T12:20:00","date_gmt":"2017-08-27T10:20:00","guid":{"rendered":"https:\/\/as-hh-nord.de\/home\/?p=658"},"modified":"2022-03-04T12:26:20","modified_gmt":"2022-03-04T11:26:20","slug":"26-27-8-2017-slalom-dm-bitburg","status":"publish","type":"post","link":"https:\/\/as-hh-nord.de\/home\/2017\/08\/27\/26-27-8-2017-slalom-dm-bitburg\/","title":{"rendered":"26.\/27.8.2017 \u2013 Slalom DM Bitburg"},"content":{"rendered":"\n<p>Der Flugplatz Bitburg war am letzten Augustwochenende Schauplatz der Endl\u00e4ufe zur deutschen Slalom Meisterschaft. Henriks Ausgangslage war eher defensiv. Er lag zwar auf Platz 2 in der Tabelle, aber Ralf Orth hatte aufgrund der Unzahl an Startern in seiner Klasse die Chance Henrik zu \u00fcberholen. Platz 1 war ja bereits bei der vorigen Veranstaltung vergeben.<\/p>\n\n\n\n<p>Lediglich 5 Teilnehmer hatten in der G4 genannt, von denen einer nicht durch die Abnahme kam. Da warens nur noch vier. F\u00fcr Henrik waren von der Papierform her die Gegner eher in der G5 angesiedelt, die konnten ja noch an den mageren Divisionsp\u00fcnktchen knabbern.<\/p>\n\n\n\n<p>In der Nacht war heftiger Regen durchgezogen und die Strecke war zum Trainingsbeginn noch komplett nass. Erst im letzten Wertungslauf war der gr\u00f6\u00dfte Teil der Linie abgetrocknet, aber wehe man geriet daneben. Henrik ging vorsichtig zu Werke und fuhr im ersten WL sechs Zehntel schneller als der schnellste G5-Fahrer. Im zweiten ging es bei trockener Strecke dann etwas flotter und Henrik gewann mit gut 2,5 Sekunden Vorsprung die Division. In der Klasse betrug der Vorsprung 17 Sekunden. Reinhard hatte eine reiche Pylonenbeute und wurde letzter. Henriks Kontrahent um den Vizemeistertitel Ralf Orth gewann ebenfalls seine Klasse und wurde Zweiter in der Division 4. Damit holte er an Zusatzpunkten deutlich auf und am Sonntag war die Lage eindeutig. Gewinnt Orth seine Klasse ist er Vizemeister, tut er das nicht ist es Henrik.<\/p>\n\n\n\n<p>F\u00fcr Sonntag konnte Henrik jetzt entspannt sein. Sein Meisterschafts-Ergebnis war nicht mehr zu verbessern und so war Attacke angesagt. Diesmal war es trocken und Henrik setzte die deutlichen Bestzeiten in allen Durchg\u00e4ngen. Er war trotzdem nicht ganz zufrieden mit seiner Leistung. Ihm fehlte der Druck der Gegner, denn er gewann die Klasse mit 23 Sekunden Vorsprung und die Division mit 9 Sekunden. Die Gesamtzeit reichte auch zum zweiten Platz in der Gruppe G.<\/p>\n\n\n\n<p>Reinhard wollte es etwas besser machen als am Samstag und lag nach Wertungslauf 1 ziemlich gleichauf mit den anderen beiden Konkurrenten um Platz 2 in der Klasse. In WL 2 wollte er dann richtig steigern und das funktionierte wohl auch im ersten Streckenteil. Auf dem R\u00fcckweg traf er aber wieder einmal eine Pylone und \u00e4rgerte sich derart dar\u00fcber, dass er versehentlich an einer \u201eDritter-Gangs-Stelle\u201c runterschaltete, bei der versuchten Korrektur gar keinen Gang mehr fand, 100 Meter antriebslos rollte und dann ohne Druck durchs Ziel bummelte. Als er dann sah, dass er trotzdem schneller war \u00e4rgerte er sich wieder schwarz, weil er mit der Zeit ohne Fehler wahrscheinlich so dicht wie noch nie an Henrik herangekommen w\u00e4re. Dass er so noch zweiter wurde, wenn auch nur mit zwei Zehnteln Vorsprung, war total verbl\u00fcffend.<\/p>\n\n\n\n<p>Offen war jetzt noch das Ergebnis der Deutschen Slalom Meisterschaft. Da die Division 4 erst startete als die beiden ihre Kreuzfahrt durch die Eifel, bei der sie von gesperrter Stra\u00dfe zu gesperrter Stra\u00dfe cruisten und den N\u00fcrburgring schon fast sehen konnten, beendet hatten und beim Mittagessen in der N\u00e4he von K\u00f6ln sa\u00dfen, hoben sie sich die \u00dcberraschung f\u00fcr den Abend auf und schauten im Internet nach. Orth wurde dritter in der Klasse und Henrik damit Vizemeister.<\/p>\n\n\n\n<figure class=\"wp-block-image size-large\"><img loading=\"lazy\" decoding=\"async\" width=\"1024\" height=\"577\" src=\"https:\/\/as-hh-nord.de\/wp-content\/uploads\/2022\/03\/20170826-Bitburg01-1024x577.jpg\" alt=\"\" class=\"wp-image-659\" srcset=\"https:\/\/as-hh-nord.de\/wp-content\/uploads\/2022\/03\/20170826-Bitburg01-1024x577.jpg 1024w, https:\/\/as-hh-nord.de\/wp-content\/uploads\/2022\/03\/20170826-Bitburg01-300x169.jpg 300w, https:\/\/as-hh-nord.de\/wp-content\/uploads\/2022\/03\/20170826-Bitburg01-768x433.jpg 768w, https:\/\/as-hh-nord.de\/wp-content\/uploads\/2022\/03\/20170826-Bitburg01-1536x866.jpg 1536w, https:\/\/as-hh-nord.de\/wp-content\/uploads\/2022\/03\/20170826-Bitburg01-2048x1155.jpg 2048w, https:\/\/as-hh-nord.de\/wp-content\/uploads\/2022\/03\/20170826-Bitburg01-621x350.jpg 621w, https:\/\/as-hh-nord.de\/wp-content\/uploads\/2022\/03\/20170826-Bitburg01-150x85.jpg 150w\" sizes=\"auto, (max-width: 1024px) 100vw, 1024px\" \/><figcaption>morgendlicher Blick auf das Fahrerlager<\/figcaption><\/figure>\n\n\n\n<figure class=\"wp-block-image size-large\"><img loading=\"lazy\" decoding=\"async\" width=\"1024\" height=\"577\" src=\"https:\/\/as-hh-nord.de\/wp-content\/uploads\/2022\/03\/20170826-Bitburg02-1024x577.jpg\" alt=\"\" class=\"wp-image-660\" srcset=\"https:\/\/as-hh-nord.de\/wp-content\/uploads\/2022\/03\/20170826-Bitburg02-1024x577.jpg 1024w, https:\/\/as-hh-nord.de\/wp-content\/uploads\/2022\/03\/20170826-Bitburg02-300x169.jpg 300w, https:\/\/as-hh-nord.de\/wp-content\/uploads\/2022\/03\/20170826-Bitburg02-768x433.jpg 768w, https:\/\/as-hh-nord.de\/wp-content\/uploads\/2022\/03\/20170826-Bitburg02-1536x866.jpg 1536w, https:\/\/as-hh-nord.de\/wp-content\/uploads\/2022\/03\/20170826-Bitburg02-2048x1155.jpg 2048w, https:\/\/as-hh-nord.de\/wp-content\/uploads\/2022\/03\/20170826-Bitburg02-621x350.jpg 621w, https:\/\/as-hh-nord.de\/wp-content\/uploads\/2022\/03\/20170826-Bitburg02-150x85.jpg 150w\" sizes=\"auto, (max-width: 1024px) 100vw, 1024px\" \/><figcaption>Siegerehrung im Zelt<\/figcaption><\/figure>\n\n\n\n<p><\/p>\n","protected":false},"excerpt":{"rendered":"<p>Der Flugplatz Bitburg war am letzten Augustwochenende Schauplatz der Endl\u00e4ufe zur deutschen Slalom Meisterschaft. Henriks Ausgangslage war eher defensiv. Er lag zwar auf Platz 2 in der Tabelle, aber Ralf Orth hatte aufgrund der Unzahl an Startern in seiner Klasse die Chance Henrik zu \u00fcberholen. Platz 1 war ja bereits&#8230; <a class=\"continue-reading-link\" href=\"https:\/\/as-hh-nord.de\/home\/2017\/08\/27\/26-27-8-2017-slalom-dm-bitburg\/\">mehr<\/a><\/p>\n","protected":false},"author":2,"featured_media":659,"comment_status":"open","ping_status":"open","sticky":false,"template":"","format":"standard","meta":{"footnotes":""},"categories":[13,4],"tags":[],"class_list":["post-658","post","type-post","status-publish","format-standard","has-post-thumbnail","hentry","category-a-slalom","category-slalom"],"yoast_head":"<!-- This site is optimized with the Yoast SEO plugin v27.5 - https:\/\/yoast.com\/product\/yoast-seo-wordpress\/ -->\n<title>26.\/27.8.2017 \u2013 Slalom DM Bitburg - Automobilsport Hamburg-Nord e.V. im ADAC<\/title>\n<meta name=\"robots\" content=\"index, follow, max-snippet:-1, max-image-preview:large, max-video-preview:-1\" \/>\n<link rel=\"canonical\" href=\"https:\/\/as-hh-nord.de\/home\/2017\/08\/27\/26-27-8-2017-slalom-dm-bitburg\/\" \/>\n<meta property=\"og:locale\" content=\"de_DE\" \/>\n<meta property=\"og:type\" content=\"article\" \/>\n<meta property=\"og:title\" content=\"26.\/27.8.2017 \u2013 Slalom DM Bitburg - Automobilsport Hamburg-Nord e.V. im ADAC\" \/>\n<meta property=\"og:description\" content=\"Der Flugplatz Bitburg war am letzten Augustwochenende Schauplatz der Endl\u00e4ufe zur deutschen Slalom Meisterschaft. Henriks Ausgangslage war eher defensiv. Er lag zwar auf Platz 2 in der Tabelle, aber Ralf Orth hatte aufgrund der Unzahl an Startern in seiner Klasse die Chance Henrik zu \u00fcberholen. Platz 1 war ja bereits... mehr\" \/>\n<meta property=\"og:url\" content=\"https:\/\/as-hh-nord.de\/home\/2017\/08\/27\/26-27-8-2017-slalom-dm-bitburg\/\" \/>\n<meta property=\"og:site_name\" content=\"Automobilsport Hamburg-Nord e.V. im ADAC\" \/>\n<meta property=\"article:published_time\" content=\"2017-08-27T10:20:00+00:00\" \/>\n<meta property=\"article:modified_time\" content=\"2022-03-04T11:26:20+00:00\" \/>\n<meta property=\"og:image\" content=\"https:\/\/as-hh-nord.de\/wp-content\/uploads\/2022\/03\/20170826-Bitburg01-scaled.jpg\" \/>\n\t<meta property=\"og:image:width\" content=\"2560\" \/>\n\t<meta property=\"og:image:height\" content=\"1443\" \/>\n\t<meta property=\"og:image:type\" content=\"image\/jpeg\" \/>\n<meta name=\"author\" content=\"Reinhard Stoldt\" \/>\n<meta name=\"twitter:card\" content=\"summary_large_image\" \/>\n<meta name=\"twitter:label1\" content=\"Verfasst von\" \/>\n\t<meta name=\"twitter:data1\" content=\"Reinhard Stoldt\" \/>\n\t<meta name=\"twitter:label2\" content=\"Gesch\u00e4tzte Lesezeit\" \/>\n\t<meta name=\"twitter:data2\" content=\"4\u00a0Minuten\" \/>\n<script type=\"application\/ld+json\" class=\"yoast-schema-graph\">{\"@context\":\"https:\\\/\\\/schema.org\",\"@graph\":[{\"@type\":\"Article\",\"@id\":\"https:\\\/\\\/as-hh-nord.de\\\/home\\\/2017\\\/08\\\/27\\\/26-27-8-2017-slalom-dm-bitburg\\\/#article\",\"isPartOf\":{\"@id\":\"https:\\\/\\\/as-hh-nord.de\\\/home\\\/2017\\\/08\\\/27\\\/26-27-8-2017-slalom-dm-bitburg\\\/\"},\"author\":{\"name\":\"Reinhard Stoldt\",\"@id\":\"https:\\\/\\\/as-hh-nord.de\\\/home\\\/#\\\/schema\\\/person\\\/b39f77383e560a709fdae3435ff73c0f\"},\"headline\":\"26.\\\/27.8.2017 \u2013 Slalom DM Bitburg\",\"datePublished\":\"2017-08-27T10:20:00+00:00\",\"dateModified\":\"2022-03-04T11:26:20+00:00\",\"mainEntityOfPage\":{\"@id\":\"https:\\\/\\\/as-hh-nord.de\\\/home\\\/2017\\\/08\\\/27\\\/26-27-8-2017-slalom-dm-bitburg\\\/\"},\"wordCount\":527,\"commentCount\":0,\"image\":{\"@id\":\"https:\\\/\\\/as-hh-nord.de\\\/home\\\/2017\\\/08\\\/27\\\/26-27-8-2017-slalom-dm-bitburg\\\/#primaryimage\"},\"thumbnailUrl\":\"https:\\\/\\\/as-hh-nord.de\\\/wp-content\\\/uploads\\\/2022\\\/03\\\/20170826-Bitburg01-scaled.jpg\",\"articleSection\":[\"A-Slalom\",\"Slalom\"],\"inLanguage\":\"de\",\"potentialAction\":[{\"@type\":\"CommentAction\",\"name\":\"Comment\",\"target\":[\"https:\\\/\\\/as-hh-nord.de\\\/home\\\/2017\\\/08\\\/27\\\/26-27-8-2017-slalom-dm-bitburg\\\/#respond\"]}]},{\"@type\":\"WebPage\",\"@id\":\"https:\\\/\\\/as-hh-nord.de\\\/home\\\/2017\\\/08\\\/27\\\/26-27-8-2017-slalom-dm-bitburg\\\/\",\"url\":\"https:\\\/\\\/as-hh-nord.de\\\/home\\\/2017\\\/08\\\/27\\\/26-27-8-2017-slalom-dm-bitburg\\\/\",\"name\":\"26.\\\/27.8.2017 \u2013 Slalom DM Bitburg - Automobilsport Hamburg-Nord e.V. im ADAC\",\"isPartOf\":{\"@id\":\"https:\\\/\\\/as-hh-nord.de\\\/home\\\/#website\"},\"primaryImageOfPage\":{\"@id\":\"https:\\\/\\\/as-hh-nord.de\\\/home\\\/2017\\\/08\\\/27\\\/26-27-8-2017-slalom-dm-bitburg\\\/#primaryimage\"},\"image\":{\"@id\":\"https:\\\/\\\/as-hh-nord.de\\\/home\\\/2017\\\/08\\\/27\\\/26-27-8-2017-slalom-dm-bitburg\\\/#primaryimage\"},\"thumbnailUrl\":\"https:\\\/\\\/as-hh-nord.de\\\/wp-content\\\/uploads\\\/2022\\\/03\\\/20170826-Bitburg01-scaled.jpg\",\"datePublished\":\"2017-08-27T10:20:00+00:00\",\"dateModified\":\"2022-03-04T11:26:20+00:00\",\"author\":{\"@id\":\"https:\\\/\\\/as-hh-nord.de\\\/home\\\/#\\\/schema\\\/person\\\/b39f77383e560a709fdae3435ff73c0f\"},\"breadcrumb\":{\"@id\":\"https:\\\/\\\/as-hh-nord.de\\\/home\\\/2017\\\/08\\\/27\\\/26-27-8-2017-slalom-dm-bitburg\\\/#breadcrumb\"},\"inLanguage\":\"de\",\"potentialAction\":[{\"@type\":\"ReadAction\",\"target\":[\"https:\\\/\\\/as-hh-nord.de\\\/home\\\/2017\\\/08\\\/27\\\/26-27-8-2017-slalom-dm-bitburg\\\/\"]}]},{\"@type\":\"ImageObject\",\"inLanguage\":\"de\",\"@id\":\"https:\\\/\\\/as-hh-nord.de\\\/home\\\/2017\\\/08\\\/27\\\/26-27-8-2017-slalom-dm-bitburg\\\/#primaryimage\",\"url\":\"https:\\\/\\\/as-hh-nord.de\\\/wp-content\\\/uploads\\\/2022\\\/03\\\/20170826-Bitburg01-scaled.jpg\",\"contentUrl\":\"https:\\\/\\\/as-hh-nord.de\\\/wp-content\\\/uploads\\\/2022\\\/03\\\/20170826-Bitburg01-scaled.jpg\",\"width\":2560,\"height\":1443},{\"@type\":\"BreadcrumbList\",\"@id\":\"https:\\\/\\\/as-hh-nord.de\\\/home\\\/2017\\\/08\\\/27\\\/26-27-8-2017-slalom-dm-bitburg\\\/#breadcrumb\",\"itemListElement\":[{\"@type\":\"ListItem\",\"position\":1,\"name\":\"Startseite\",\"item\":\"https:\\\/\\\/as-hh-nord.de\\\/home\\\/\"},{\"@type\":\"ListItem\",\"position\":2,\"name\":\"26.\\\/27.8.2017 \u2013 Slalom DM Bitburg\"}]},{\"@type\":\"WebSite\",\"@id\":\"https:\\\/\\\/as-hh-nord.de\\\/home\\\/#website\",\"url\":\"https:\\\/\\\/as-hh-nord.de\\\/home\\\/\",\"name\":\"Automobilsport Hamburg-Nord e.V. im ADAC\",\"description\":\"\",\"potentialAction\":[{\"@type\":\"SearchAction\",\"target\":{\"@type\":\"EntryPoint\",\"urlTemplate\":\"https:\\\/\\\/as-hh-nord.de\\\/home\\\/?s={search_term_string}\"},\"query-input\":{\"@type\":\"PropertyValueSpecification\",\"valueRequired\":true,\"valueName\":\"search_term_string\"}}],\"inLanguage\":\"de\"},{\"@type\":\"Person\",\"@id\":\"https:\\\/\\\/as-hh-nord.de\\\/home\\\/#\\\/schema\\\/person\\\/b39f77383e560a709fdae3435ff73c0f\",\"name\":\"Reinhard Stoldt\",\"image\":{\"@type\":\"ImageObject\",\"inLanguage\":\"de\",\"@id\":\"https:\\\/\\\/secure.gravatar.com\\\/avatar\\\/5e8e6842f9b215f30012b87b27c7eafe610cd3acd485b024feb3a1d5b48c0a70?s=96&d=mm&r=g\",\"url\":\"https:\\\/\\\/secure.gravatar.com\\\/avatar\\\/5e8e6842f9b215f30012b87b27c7eafe610cd3acd485b024feb3a1d5b48c0a70?s=96&d=mm&r=g\",\"contentUrl\":\"https:\\\/\\\/secure.gravatar.com\\\/avatar\\\/5e8e6842f9b215f30012b87b27c7eafe610cd3acd485b024feb3a1d5b48c0a70?s=96&d=mm&r=g\",\"caption\":\"Reinhard Stoldt\"},\"url\":\"https:\\\/\\\/as-hh-nord.de\\\/home\\\/author\\\/reinhard-stoldt\\\/\"}]}<\/script>\n<!-- \/ Yoast SEO plugin. -->","yoast_head_json":{"title":"26.\/27.8.2017 \u2013 Slalom DM Bitburg - Automobilsport Hamburg-Nord e.V. im ADAC","robots":{"index":"index","follow":"follow","max-snippet":"max-snippet:-1","max-image-preview":"max-image-preview:large","max-video-preview":"max-video-preview:-1"},"canonical":"https:\/\/as-hh-nord.de\/home\/2017\/08\/27\/26-27-8-2017-slalom-dm-bitburg\/","og_locale":"de_DE","og_type":"article","og_title":"26.\/27.8.2017 \u2013 Slalom DM Bitburg - Automobilsport Hamburg-Nord e.V. im ADAC","og_description":"Der Flugplatz Bitburg war am letzten Augustwochenende Schauplatz der Endl\u00e4ufe zur deutschen Slalom Meisterschaft. Henriks Ausgangslage war eher defensiv. Er lag zwar auf Platz 2 in der Tabelle, aber Ralf Orth hatte aufgrund der Unzahl an Startern in seiner Klasse die Chance Henrik zu \u00fcberholen. Platz 1 war ja bereits... mehr","og_url":"https:\/\/as-hh-nord.de\/home\/2017\/08\/27\/26-27-8-2017-slalom-dm-bitburg\/","og_site_name":"Automobilsport Hamburg-Nord e.V. im ADAC","article_published_time":"2017-08-27T10:20:00+00:00","article_modified_time":"2022-03-04T11:26:20+00:00","og_image":[{"width":2560,"height":1443,"url":"https:\/\/as-hh-nord.de\/wp-content\/uploads\/2022\/03\/20170826-Bitburg01-scaled.jpg","type":"image\/jpeg"}],"author":"Reinhard Stoldt","twitter_card":"summary_large_image","twitter_misc":{"Verfasst von":"Reinhard Stoldt","Gesch\u00e4tzte Lesezeit":"4\u00a0Minuten"},"schema":{"@context":"https:\/\/schema.org","@graph":[{"@type":"Article","@id":"https:\/\/as-hh-nord.de\/home\/2017\/08\/27\/26-27-8-2017-slalom-dm-bitburg\/#article","isPartOf":{"@id":"https:\/\/as-hh-nord.de\/home\/2017\/08\/27\/26-27-8-2017-slalom-dm-bitburg\/"},"author":{"name":"Reinhard Stoldt","@id":"https:\/\/as-hh-nord.de\/home\/#\/schema\/person\/b39f77383e560a709fdae3435ff73c0f"},"headline":"26.\/27.8.2017 \u2013 Slalom DM Bitburg","datePublished":"2017-08-27T10:20:00+00:00","dateModified":"2022-03-04T11:26:20+00:00","mainEntityOfPage":{"@id":"https:\/\/as-hh-nord.de\/home\/2017\/08\/27\/26-27-8-2017-slalom-dm-bitburg\/"},"wordCount":527,"commentCount":0,"image":{"@id":"https:\/\/as-hh-nord.de\/home\/2017\/08\/27\/26-27-8-2017-slalom-dm-bitburg\/#primaryimage"},"thumbnailUrl":"https:\/\/as-hh-nord.de\/wp-content\/uploads\/2022\/03\/20170826-Bitburg01-scaled.jpg","articleSection":["A-Slalom","Slalom"],"inLanguage":"de","potentialAction":[{"@type":"CommentAction","name":"Comment","target":["https:\/\/as-hh-nord.de\/home\/2017\/08\/27\/26-27-8-2017-slalom-dm-bitburg\/#respond"]}]},{"@type":"WebPage","@id":"https:\/\/as-hh-nord.de\/home\/2017\/08\/27\/26-27-8-2017-slalom-dm-bitburg\/","url":"https:\/\/as-hh-nord.de\/home\/2017\/08\/27\/26-27-8-2017-slalom-dm-bitburg\/","name":"26.\/27.8.2017 \u2013 Slalom DM Bitburg - Automobilsport Hamburg-Nord e.V. im ADAC","isPartOf":{"@id":"https:\/\/as-hh-nord.de\/home\/#website"},"primaryImageOfPage":{"@id":"https:\/\/as-hh-nord.de\/home\/2017\/08\/27\/26-27-8-2017-slalom-dm-bitburg\/#primaryimage"},"image":{"@id":"https:\/\/as-hh-nord.de\/home\/2017\/08\/27\/26-27-8-2017-slalom-dm-bitburg\/#primaryimage"},"thumbnailUrl":"https:\/\/as-hh-nord.de\/wp-content\/uploads\/2022\/03\/20170826-Bitburg01-scaled.jpg","datePublished":"2017-08-27T10:20:00+00:00","dateModified":"2022-03-04T11:26:20+00:00","author":{"@id":"https:\/\/as-hh-nord.de\/home\/#\/schema\/person\/b39f77383e560a709fdae3435ff73c0f"},"breadcrumb":{"@id":"https:\/\/as-hh-nord.de\/home\/2017\/08\/27\/26-27-8-2017-slalom-dm-bitburg\/#breadcrumb"},"inLanguage":"de","potentialAction":[{"@type":"ReadAction","target":["https:\/\/as-hh-nord.de\/home\/2017\/08\/27\/26-27-8-2017-slalom-dm-bitburg\/"]}]},{"@type":"ImageObject","inLanguage":"de","@id":"https:\/\/as-hh-nord.de\/home\/2017\/08\/27\/26-27-8-2017-slalom-dm-bitburg\/#primaryimage","url":"https:\/\/as-hh-nord.de\/wp-content\/uploads\/2022\/03\/20170826-Bitburg01-scaled.jpg","contentUrl":"https:\/\/as-hh-nord.de\/wp-content\/uploads\/2022\/03\/20170826-Bitburg01-scaled.jpg","width":2560,"height":1443},{"@type":"BreadcrumbList","@id":"https:\/\/as-hh-nord.de\/home\/2017\/08\/27\/26-27-8-2017-slalom-dm-bitburg\/#breadcrumb","itemListElement":[{"@type":"ListItem","position":1,"name":"Startseite","item":"https:\/\/as-hh-nord.de\/home\/"},{"@type":"ListItem","position":2,"name":"26.\/27.8.2017 \u2013 Slalom DM Bitburg"}]},{"@type":"WebSite","@id":"https:\/\/as-hh-nord.de\/home\/#website","url":"https:\/\/as-hh-nord.de\/home\/","name":"Automobilsport Hamburg-Nord e.V. im ADAC","description":"","potentialAction":[{"@type":"SearchAction","target":{"@type":"EntryPoint","urlTemplate":"https:\/\/as-hh-nord.de\/home\/?s={search_term_string}"},"query-input":{"@type":"PropertyValueSpecification","valueRequired":true,"valueName":"search_term_string"}}],"inLanguage":"de"},{"@type":"Person","@id":"https:\/\/as-hh-nord.de\/home\/#\/schema\/person\/b39f77383e560a709fdae3435ff73c0f","name":"Reinhard Stoldt","image":{"@type":"ImageObject","inLanguage":"de","@id":"https:\/\/secure.gravatar.com\/avatar\/5e8e6842f9b215f30012b87b27c7eafe610cd3acd485b024feb3a1d5b48c0a70?s=96&d=mm&r=g","url":"https:\/\/secure.gravatar.com\/avatar\/5e8e6842f9b215f30012b87b27c7eafe610cd3acd485b024feb3a1d5b48c0a70?s=96&d=mm&r=g","contentUrl":"https:\/\/secure.gravatar.com\/avatar\/5e8e6842f9b215f30012b87b27c7eafe610cd3acd485b024feb3a1d5b48c0a70?s=96&d=mm&r=g","caption":"Reinhard Stoldt"},"url":"https:\/\/as-hh-nord.de\/home\/author\/reinhard-stoldt\/"}]}},"_links":{"self":[{"href":"https:\/\/as-hh-nord.de\/home\/wp-json\/wp\/v2\/posts\/658","targetHints":{"allow":["GET"]}}],"collection":[{"href":"https:\/\/as-hh-nord.de\/home\/wp-json\/wp\/v2\/posts"}],"about":[{"href":"https:\/\/as-hh-nord.de\/home\/wp-json\/wp\/v2\/types\/post"}],"author":[{"embeddable":true,"href":"https:\/\/as-hh-nord.de\/home\/wp-json\/wp\/v2\/users\/2"}],"replies":[{"embeddable":true,"href":"https:\/\/as-hh-nord.de\/home\/wp-json\/wp\/v2\/comments?post=658"}],"version-history":[{"count":1,"href":"https:\/\/as-hh-nord.de\/home\/wp-json\/wp\/v2\/posts\/658\/revisions"}],"predecessor-version":[{"id":661,"href":"https:\/\/as-hh-nord.de\/home\/wp-json\/wp\/v2\/posts\/658\/revisions\/661"}],"wp:featuredmedia":[{"embeddable":true,"href":"https:\/\/as-hh-nord.de\/home\/wp-json\/wp\/v2\/media\/659"}],"wp:attachment":[{"href":"https:\/\/as-hh-nord.de\/home\/wp-json\/wp\/v2\/media?parent=658"}],"wp:term":[{"taxonomy":"category","embeddable":true,"href":"https:\/\/as-hh-nord.de\/home\/wp-json\/wp\/v2\/categories?post=658"},{"taxonomy":"post_tag","embeddable":true,"href":"https:\/\/as-hh-nord.de\/home\/wp-json\/wp\/v2\/tags?post=658"}],"curies":[{"name":"wp","href":"https:\/\/api.w.org\/{rel}","templated":true}]}}