{"id":554,"date":"2018-04-06T11:30:00","date_gmt":"2018-04-06T09:30:00","guid":{"rendered":"https:\/\/as-hh-nord.de\/home\/?p=554"},"modified":"2022-02-20T11:35:08","modified_gmt":"2022-02-20T10:35:08","slug":"6-4-2018-boerde-2h-cup","status":"publish","type":"post","link":"https:\/\/as-hh-nord.de\/home\/2018\/04\/06\/6-4-2018-boerde-2h-cup\/","title":{"rendered":"6.4.2018 \u2013 B\u00f6rde 2h Cup"},"content":{"rendered":"\n<p>Henrik und Falk hatten zum 2h Cup genannt. Reinhard hatte den Logan ausgemottet, der 2013 sein letztes Rennen lief, allerdings damals wegen eines zerlegten Getriebes nicht ins Ziel gekommen war.<\/p>\n\n\n\n<p>Die Anreise am Donnerstagnachmittag war wie immer schwierig. Aufgrund der Verkehrslage mussten gr\u00f6\u00dftenteils die Autobahnen gemieden werden. Mit der Abnahme hatten Henrik und Reinhard einiges zu tun. Das Auto musste nach den neuesten Vorschriften beklebt werden, und das bei Windgeschwindigkeiten von etwa 40 \u2013 60 km\/h in Oschersleben. F\u00fcr die Befestigung des Frontscheibenaufklebers nutzten die beiden dann auch lieber die freie Halle im Geb\u00e4ude der technischen Abnahme. Der Logan wurde dort auch noch mit allerhand Plomben versehen.<\/p>\n\n\n\n<p>Am Freitag wurden alle von freundlichem Wetter begr\u00fc\u00dft (siehe Foto \u2013 Blick aus dem Hotelzimmer). Die Windgeschwindigkeit war ertr\u00e4glich und die Sonne strahlte.<\/p>\n\n\n\n<p>Das freie Training bestritt Falk zum gro\u00dfen Teil. Der geplante Testttag war ja wegen Schnee auf dem Kurs ausgefallen, so dass Falk noch ein ziemliches Defizit an Fahrpraxis hat. Henrik \u00fcbernahm dann noch f\u00fcr eine Viertelstunde, in die war noch ein Test eingebunden, wie das Auto ohne den nunmehr freigestellten Heckspoiler lag, und wie sich der Topspeed ver\u00e4nderte. Ergebnis der ersten Runde war ein Ausflug ins Kiesbett, zweite Runde ging sauber, aber nicht schneller und auch keine erkennbare Topspeed-Verbesserung. Henriks erste Aussage war jedenfalls, baut das Ding wieder drauf. Das Teil generiert doch tats\u00e4chlich Abtrieb, was Reinhard nie so richtig geglaubt hatte.<\/p>\n\n\n\n<p>Die Qualifikation fuhr wie \u00fcblich Henrik. Mit seiner schnellsten Rundenzeit von 1:55,077 fuhr er ungef\u00e4hrdet auf Pole und setzte erst einmal den inoffiziellen Rundenrekord Dacia Logan. Das war nat\u00fcrlich vor allem deshalb m\u00f6glich, weil die Arena sich ihrer anf\u00e4nglichen Streckenf\u00fchrung besann und Turn 1 im urspr\u00fcnglichen Zustand freigab. Die ekelhafte Variante, die auf Dr\u00e4ngen der DTM gebaut wurde, ist ja nicht mehr notwendig, da die Leute sich entschlossen haben, lieber im Ausland zu fahren, wo sie nicht so sehr von gr\u00f6\u00dferen Zuschauerzahlen abgelenkt werden.<\/p>\n\n\n\n<p>Nach leicht versiebtem Start, die Handbremse arretierte beim Starten, konnte Henrik dann in der Hotelkurve die alleinige F\u00fchrung in der Klasse \u00fcbernehmen und Meter um Meter gewinnen. Er fuhr kontrolliert zwei Sekunden pro Runde schneller als der zweite und hatte nach einer dreiviertel Stunde ca. 50 Sekunden Vorsprung als das Auto gemeine Ger\u00e4usche von sich gab. Henrik kam an die Box, wo das Handtuch geworfen werden musste. Fazit: wie geendet so begonnen. Vor 5 Jahren mit Getriebeschaden aufgeh\u00f6rt und beim Wiedereinstieg ebenfalls Getriebeschaden.<\/p>\n\n\n\n<figure class=\"wp-block-image size-large\"><img loading=\"lazy\" decoding=\"async\" width=\"1024\" height=\"768\" src=\"https:\/\/as-hh-nord.de\/wp-content\/uploads\/2022\/02\/200180406-Boerdesprint01-1024x768.jpg\" alt=\"\" class=\"wp-image-555\" srcset=\"https:\/\/as-hh-nord.de\/wp-content\/uploads\/2022\/02\/200180406-Boerdesprint01-1024x768.jpg 1024w, https:\/\/as-hh-nord.de\/wp-content\/uploads\/2022\/02\/200180406-Boerdesprint01-300x225.jpg 300w, https:\/\/as-hh-nord.de\/wp-content\/uploads\/2022\/02\/200180406-Boerdesprint01-768x576.jpg 768w, https:\/\/as-hh-nord.de\/wp-content\/uploads\/2022\/02\/200180406-Boerdesprint01-1536x1152.jpg 1536w, https:\/\/as-hh-nord.de\/wp-content\/uploads\/2022\/02\/200180406-Boerdesprint01-2048x1536.jpg 2048w, https:\/\/as-hh-nord.de\/wp-content\/uploads\/2022\/02\/200180406-Boerdesprint01-467x350.jpg 467w, https:\/\/as-hh-nord.de\/wp-content\/uploads\/2022\/02\/200180406-Boerdesprint01-150x113.jpg 150w\" sizes=\"auto, (max-width: 1024px) 100vw, 1024px\" \/><figcaption>der morgendliche Ausblick aus dem Hotel<\/figcaption><\/figure>\n\n\n\n<figure class=\"wp-block-image size-large\"><img loading=\"lazy\" decoding=\"async\" width=\"1024\" height=\"689\" src=\"https:\/\/as-hh-nord.de\/wp-content\/uploads\/2022\/02\/200180406-Boerdesprint02-1024x689.jpg\" alt=\"\" class=\"wp-image-556\" srcset=\"https:\/\/as-hh-nord.de\/wp-content\/uploads\/2022\/02\/200180406-Boerdesprint02-1024x689.jpg 1024w, https:\/\/as-hh-nord.de\/wp-content\/uploads\/2022\/02\/200180406-Boerdesprint02-300x202.jpg 300w, https:\/\/as-hh-nord.de\/wp-content\/uploads\/2022\/02\/200180406-Boerdesprint02-768x517.jpg 768w, https:\/\/as-hh-nord.de\/wp-content\/uploads\/2022\/02\/200180406-Boerdesprint02-520x350.jpg 520w, https:\/\/as-hh-nord.de\/wp-content\/uploads\/2022\/02\/200180406-Boerdesprint02-150x101.jpg 150w, https:\/\/as-hh-nord.de\/wp-content\/uploads\/2022\/02\/200180406-Boerdesprint02.jpg 1046w\" sizes=\"auto, (max-width: 1024px) 100vw, 1024px\" \/><figcaption>nach dem Start Eingang Hasser\u00f6der<\/figcaption><\/figure>\n\n\n\n<figure class=\"wp-block-image size-large\"><img loading=\"lazy\" decoding=\"async\" width=\"1024\" height=\"679\" src=\"https:\/\/as-hh-nord.de\/wp-content\/uploads\/2022\/02\/200180406-Boerdesprint03-1024x679.jpg\" alt=\"\" class=\"wp-image-562\" srcset=\"https:\/\/as-hh-nord.de\/wp-content\/uploads\/2022\/02\/200180406-Boerdesprint03-1024x679.jpg 1024w, https:\/\/as-hh-nord.de\/wp-content\/uploads\/2022\/02\/200180406-Boerdesprint03-300x199.jpg 300w, https:\/\/as-hh-nord.de\/wp-content\/uploads\/2022\/02\/200180406-Boerdesprint03-768x509.jpg 768w, https:\/\/as-hh-nord.de\/wp-content\/uploads\/2022\/02\/200180406-Boerdesprint03-528x350.jpg 528w, https:\/\/as-hh-nord.de\/wp-content\/uploads\/2022\/02\/200180406-Boerdesprint03-150x99.jpg 150w, https:\/\/as-hh-nord.de\/wp-content\/uploads\/2022\/02\/200180406-Boerdesprint03.jpg 1050w\" sizes=\"auto, (max-width: 1024px) 100vw, 1024px\" \/><\/figure>\n\n\n\n<figure class=\"wp-block-image size-large\"><img loading=\"lazy\" decoding=\"async\" width=\"1024\" height=\"670\" src=\"https:\/\/as-hh-nord.de\/wp-content\/uploads\/2022\/02\/200180406-Boerdesprint04-1024x670.jpg\" alt=\"\" class=\"wp-image-563\" srcset=\"https:\/\/as-hh-nord.de\/wp-content\/uploads\/2022\/02\/200180406-Boerdesprint04-1024x670.jpg 1024w, https:\/\/as-hh-nord.de\/wp-content\/uploads\/2022\/02\/200180406-Boerdesprint04-300x196.jpg 300w, https:\/\/as-hh-nord.de\/wp-content\/uploads\/2022\/02\/200180406-Boerdesprint04-768x502.jpg 768w, https:\/\/as-hh-nord.de\/wp-content\/uploads\/2022\/02\/200180406-Boerdesprint04-535x350.jpg 535w, https:\/\/as-hh-nord.de\/wp-content\/uploads\/2022\/02\/200180406-Boerdesprint04-150x98.jpg 150w, https:\/\/as-hh-nord.de\/wp-content\/uploads\/2022\/02\/200180406-Boerdesprint04.jpg 1050w\" sizes=\"auto, (max-width: 1024px) 100vw, 1024px\" \/><\/figure>\n\n\n\n<figure class=\"wp-block-image size-large\"><img loading=\"lazy\" decoding=\"async\" width=\"1024\" height=\"676\" src=\"https:\/\/as-hh-nord.de\/wp-content\/uploads\/2022\/02\/200180406-Boerdesprint05-1024x676.jpg\" alt=\"\" class=\"wp-image-559\" srcset=\"https:\/\/as-hh-nord.de\/wp-content\/uploads\/2022\/02\/200180406-Boerdesprint05-1024x676.jpg 1024w, https:\/\/as-hh-nord.de\/wp-content\/uploads\/2022\/02\/200180406-Boerdesprint05-300x198.jpg 300w, https:\/\/as-hh-nord.de\/wp-content\/uploads\/2022\/02\/200180406-Boerdesprint05-768x507.jpg 768w, https:\/\/as-hh-nord.de\/wp-content\/uploads\/2022\/02\/200180406-Boerdesprint05-530x350.jpg 530w, https:\/\/as-hh-nord.de\/wp-content\/uploads\/2022\/02\/200180406-Boerdesprint05-150x99.jpg 150w, https:\/\/as-hh-nord.de\/wp-content\/uploads\/2022\/02\/200180406-Boerdesprint05.jpg 1053w\" sizes=\"auto, (max-width: 1024px) 100vw, 1024px\" \/><\/figure>\n","protected":false},"excerpt":{"rendered":"<p>Henrik und Falk hatten zum 2h Cup genannt. Reinhard hatte den Logan ausgemottet, der 2013 sein letztes Rennen lief, allerdings damals wegen eines zerlegten Getriebes nicht ins Ziel gekommen war. Die Anreise am Donnerstagnachmittag war wie immer schwierig. Aufgrund der Verkehrslage mussten gr\u00f6\u00dftenteils die Autobahnen gemieden werden. Mit der Abnahme&#8230; <a class=\"continue-reading-link\" href=\"https:\/\/as-hh-nord.de\/home\/2018\/04\/06\/6-4-2018-boerde-2h-cup\/\">mehr<\/a><\/p>\n","protected":false},"author":2,"featured_media":562,"comment_status":"open","ping_status":"open","sticky":false,"template":"","format":"standard","meta":{"footnotes":""},"categories":[17],"tags":[],"class_list":["post-554","post","type-post","status-publish","format-standard","has-post-thumbnail","hentry","category-rennen"],"yoast_head":"<!-- This site is optimized with the Yoast SEO plugin v27.5 - https:\/\/yoast.com\/product\/yoast-seo-wordpress\/ -->\n<title>6.4.2018 \u2013 B\u00f6rde 2h Cup - Automobilsport Hamburg-Nord e.V. im ADAC<\/title>\n<meta name=\"robots\" content=\"index, follow, max-snippet:-1, max-image-preview:large, max-video-preview:-1\" \/>\n<link rel=\"canonical\" href=\"https:\/\/as-hh-nord.de\/home\/2018\/04\/06\/6-4-2018-boerde-2h-cup\/\" \/>\n<meta property=\"og:locale\" content=\"de_DE\" \/>\n<meta property=\"og:type\" content=\"article\" \/>\n<meta property=\"og:title\" content=\"6.4.2018 \u2013 B\u00f6rde 2h Cup - Automobilsport Hamburg-Nord e.V. im ADAC\" \/>\n<meta property=\"og:description\" content=\"Henrik und Falk hatten zum 2h Cup genannt. Reinhard hatte den Logan ausgemottet, der 2013 sein letztes Rennen lief, allerdings damals wegen eines zerlegten Getriebes nicht ins Ziel gekommen war. Die Anreise am Donnerstagnachmittag war wie immer schwierig. Aufgrund der Verkehrslage mussten gr\u00f6\u00dftenteils die Autobahnen gemieden werden. Mit der Abnahme... mehr\" \/>\n<meta property=\"og:url\" content=\"https:\/\/as-hh-nord.de\/home\/2018\/04\/06\/6-4-2018-boerde-2h-cup\/\" \/>\n<meta property=\"og:site_name\" content=\"Automobilsport Hamburg-Nord e.V. im ADAC\" \/>\n<meta property=\"article:published_time\" content=\"2018-04-06T09:30:00+00:00\" \/>\n<meta property=\"article:modified_time\" content=\"2022-02-20T10:35:08+00:00\" \/>\n<meta property=\"og:image\" content=\"https:\/\/as-hh-nord.de\/wp-content\/uploads\/2022\/02\/200180406-Boerdesprint03.jpg\" \/>\n\t<meta property=\"og:image:width\" content=\"1050\" \/>\n\t<meta property=\"og:image:height\" content=\"696\" \/>\n\t<meta property=\"og:image:type\" content=\"image\/jpeg\" \/>\n<meta name=\"author\" content=\"Reinhard Stoldt\" \/>\n<meta name=\"twitter:card\" content=\"summary_large_image\" \/>\n<meta name=\"twitter:label1\" content=\"Verfasst von\" \/>\n\t<meta name=\"twitter:data1\" content=\"Reinhard Stoldt\" \/>\n\t<meta name=\"twitter:label2\" content=\"Gesch\u00e4tzte Lesezeit\" \/>\n\t<meta name=\"twitter:data2\" content=\"2\u00a0Minuten\" \/>\n<script type=\"application\/ld+json\" class=\"yoast-schema-graph\">{\"@context\":\"https:\\\/\\\/schema.org\",\"@graph\":[{\"@type\":\"Article\",\"@id\":\"https:\\\/\\\/as-hh-nord.de\\\/home\\\/2018\\\/04\\\/06\\\/6-4-2018-boerde-2h-cup\\\/#article\",\"isPartOf\":{\"@id\":\"https:\\\/\\\/as-hh-nord.de\\\/home\\\/2018\\\/04\\\/06\\\/6-4-2018-boerde-2h-cup\\\/\"},\"author\":{\"name\":\"Reinhard Stoldt\",\"@id\":\"https:\\\/\\\/as-hh-nord.de\\\/home\\\/#\\\/schema\\\/person\\\/b39f77383e560a709fdae3435ff73c0f\"},\"headline\":\"6.4.2018 \u2013 B\u00f6rde 2h Cup\",\"datePublished\":\"2018-04-06T09:30:00+00:00\",\"dateModified\":\"2022-02-20T10:35:08+00:00\",\"mainEntityOfPage\":{\"@id\":\"https:\\\/\\\/as-hh-nord.de\\\/home\\\/2018\\\/04\\\/06\\\/6-4-2018-boerde-2h-cup\\\/\"},\"wordCount\":427,\"commentCount\":0,\"image\":{\"@id\":\"https:\\\/\\\/as-hh-nord.de\\\/home\\\/2018\\\/04\\\/06\\\/6-4-2018-boerde-2h-cup\\\/#primaryimage\"},\"thumbnailUrl\":\"https:\\\/\\\/as-hh-nord.de\\\/wp-content\\\/uploads\\\/2022\\\/02\\\/200180406-Boerdesprint03.jpg\",\"articleSection\":[\"Rennen\"],\"inLanguage\":\"de\",\"potentialAction\":[{\"@type\":\"CommentAction\",\"name\":\"Comment\",\"target\":[\"https:\\\/\\\/as-hh-nord.de\\\/home\\\/2018\\\/04\\\/06\\\/6-4-2018-boerde-2h-cup\\\/#respond\"]}]},{\"@type\":\"WebPage\",\"@id\":\"https:\\\/\\\/as-hh-nord.de\\\/home\\\/2018\\\/04\\\/06\\\/6-4-2018-boerde-2h-cup\\\/\",\"url\":\"https:\\\/\\\/as-hh-nord.de\\\/home\\\/2018\\\/04\\\/06\\\/6-4-2018-boerde-2h-cup\\\/\",\"name\":\"6.4.2018 \u2013 B\u00f6rde 2h Cup - Automobilsport Hamburg-Nord e.V. im ADAC\",\"isPartOf\":{\"@id\":\"https:\\\/\\\/as-hh-nord.de\\\/home\\\/#website\"},\"primaryImageOfPage\":{\"@id\":\"https:\\\/\\\/as-hh-nord.de\\\/home\\\/2018\\\/04\\\/06\\\/6-4-2018-boerde-2h-cup\\\/#primaryimage\"},\"image\":{\"@id\":\"https:\\\/\\\/as-hh-nord.de\\\/home\\\/2018\\\/04\\\/06\\\/6-4-2018-boerde-2h-cup\\\/#primaryimage\"},\"thumbnailUrl\":\"https:\\\/\\\/as-hh-nord.de\\\/wp-content\\\/uploads\\\/2022\\\/02\\\/200180406-Boerdesprint03.jpg\",\"datePublished\":\"2018-04-06T09:30:00+00:00\",\"dateModified\":\"2022-02-20T10:35:08+00:00\",\"author\":{\"@id\":\"https:\\\/\\\/as-hh-nord.de\\\/home\\\/#\\\/schema\\\/person\\\/b39f77383e560a709fdae3435ff73c0f\"},\"breadcrumb\":{\"@id\":\"https:\\\/\\\/as-hh-nord.de\\\/home\\\/2018\\\/04\\\/06\\\/6-4-2018-boerde-2h-cup\\\/#breadcrumb\"},\"inLanguage\":\"de\",\"potentialAction\":[{\"@type\":\"ReadAction\",\"target\":[\"https:\\\/\\\/as-hh-nord.de\\\/home\\\/2018\\\/04\\\/06\\\/6-4-2018-boerde-2h-cup\\\/\"]}]},{\"@type\":\"ImageObject\",\"inLanguage\":\"de\",\"@id\":\"https:\\\/\\\/as-hh-nord.de\\\/home\\\/2018\\\/04\\\/06\\\/6-4-2018-boerde-2h-cup\\\/#primaryimage\",\"url\":\"https:\\\/\\\/as-hh-nord.de\\\/wp-content\\\/uploads\\\/2022\\\/02\\\/200180406-Boerdesprint03.jpg\",\"contentUrl\":\"https:\\\/\\\/as-hh-nord.de\\\/wp-content\\\/uploads\\\/2022\\\/02\\\/200180406-Boerdesprint03.jpg\",\"width\":1050,\"height\":696},{\"@type\":\"BreadcrumbList\",\"@id\":\"https:\\\/\\\/as-hh-nord.de\\\/home\\\/2018\\\/04\\\/06\\\/6-4-2018-boerde-2h-cup\\\/#breadcrumb\",\"itemListElement\":[{\"@type\":\"ListItem\",\"position\":1,\"name\":\"Startseite\",\"item\":\"https:\\\/\\\/as-hh-nord.de\\\/home\\\/\"},{\"@type\":\"ListItem\",\"position\":2,\"name\":\"6.4.2018 \u2013 B\u00f6rde 2h Cup\"}]},{\"@type\":\"WebSite\",\"@id\":\"https:\\\/\\\/as-hh-nord.de\\\/home\\\/#website\",\"url\":\"https:\\\/\\\/as-hh-nord.de\\\/home\\\/\",\"name\":\"Automobilsport Hamburg-Nord e.V. im ADAC\",\"description\":\"\",\"potentialAction\":[{\"@type\":\"SearchAction\",\"target\":{\"@type\":\"EntryPoint\",\"urlTemplate\":\"https:\\\/\\\/as-hh-nord.de\\\/home\\\/?s={search_term_string}\"},\"query-input\":{\"@type\":\"PropertyValueSpecification\",\"valueRequired\":true,\"valueName\":\"search_term_string\"}}],\"inLanguage\":\"de\"},{\"@type\":\"Person\",\"@id\":\"https:\\\/\\\/as-hh-nord.de\\\/home\\\/#\\\/schema\\\/person\\\/b39f77383e560a709fdae3435ff73c0f\",\"name\":\"Reinhard Stoldt\",\"image\":{\"@type\":\"ImageObject\",\"inLanguage\":\"de\",\"@id\":\"https:\\\/\\\/secure.gravatar.com\\\/avatar\\\/5e8e6842f9b215f30012b87b27c7eafe610cd3acd485b024feb3a1d5b48c0a70?s=96&d=mm&r=g\",\"url\":\"https:\\\/\\\/secure.gravatar.com\\\/avatar\\\/5e8e6842f9b215f30012b87b27c7eafe610cd3acd485b024feb3a1d5b48c0a70?s=96&d=mm&r=g\",\"contentUrl\":\"https:\\\/\\\/secure.gravatar.com\\\/avatar\\\/5e8e6842f9b215f30012b87b27c7eafe610cd3acd485b024feb3a1d5b48c0a70?s=96&d=mm&r=g\",\"caption\":\"Reinhard Stoldt\"},\"url\":\"https:\\\/\\\/as-hh-nord.de\\\/home\\\/author\\\/reinhard-stoldt\\\/\"}]}<\/script>\n<!-- \/ Yoast SEO plugin. -->","yoast_head_json":{"title":"6.4.2018 \u2013 B\u00f6rde 2h Cup - Automobilsport Hamburg-Nord e.V. im ADAC","robots":{"index":"index","follow":"follow","max-snippet":"max-snippet:-1","max-image-preview":"max-image-preview:large","max-video-preview":"max-video-preview:-1"},"canonical":"https:\/\/as-hh-nord.de\/home\/2018\/04\/06\/6-4-2018-boerde-2h-cup\/","og_locale":"de_DE","og_type":"article","og_title":"6.4.2018 \u2013 B\u00f6rde 2h Cup - Automobilsport Hamburg-Nord e.V. im ADAC","og_description":"Henrik und Falk hatten zum 2h Cup genannt. Reinhard hatte den Logan ausgemottet, der 2013 sein letztes Rennen lief, allerdings damals wegen eines zerlegten Getriebes nicht ins Ziel gekommen war. Die Anreise am Donnerstagnachmittag war wie immer schwierig. Aufgrund der Verkehrslage mussten gr\u00f6\u00dftenteils die Autobahnen gemieden werden. Mit der Abnahme... mehr","og_url":"https:\/\/as-hh-nord.de\/home\/2018\/04\/06\/6-4-2018-boerde-2h-cup\/","og_site_name":"Automobilsport Hamburg-Nord e.V. im ADAC","article_published_time":"2018-04-06T09:30:00+00:00","article_modified_time":"2022-02-20T10:35:08+00:00","og_image":[{"width":1050,"height":696,"url":"https:\/\/as-hh-nord.de\/wp-content\/uploads\/2022\/02\/200180406-Boerdesprint03.jpg","type":"image\/jpeg"}],"author":"Reinhard Stoldt","twitter_card":"summary_large_image","twitter_misc":{"Verfasst von":"Reinhard Stoldt","Gesch\u00e4tzte Lesezeit":"2\u00a0Minuten"},"schema":{"@context":"https:\/\/schema.org","@graph":[{"@type":"Article","@id":"https:\/\/as-hh-nord.de\/home\/2018\/04\/06\/6-4-2018-boerde-2h-cup\/#article","isPartOf":{"@id":"https:\/\/as-hh-nord.de\/home\/2018\/04\/06\/6-4-2018-boerde-2h-cup\/"},"author":{"name":"Reinhard Stoldt","@id":"https:\/\/as-hh-nord.de\/home\/#\/schema\/person\/b39f77383e560a709fdae3435ff73c0f"},"headline":"6.4.2018 \u2013 B\u00f6rde 2h Cup","datePublished":"2018-04-06T09:30:00+00:00","dateModified":"2022-02-20T10:35:08+00:00","mainEntityOfPage":{"@id":"https:\/\/as-hh-nord.de\/home\/2018\/04\/06\/6-4-2018-boerde-2h-cup\/"},"wordCount":427,"commentCount":0,"image":{"@id":"https:\/\/as-hh-nord.de\/home\/2018\/04\/06\/6-4-2018-boerde-2h-cup\/#primaryimage"},"thumbnailUrl":"https:\/\/as-hh-nord.de\/wp-content\/uploads\/2022\/02\/200180406-Boerdesprint03.jpg","articleSection":["Rennen"],"inLanguage":"de","potentialAction":[{"@type":"CommentAction","name":"Comment","target":["https:\/\/as-hh-nord.de\/home\/2018\/04\/06\/6-4-2018-boerde-2h-cup\/#respond"]}]},{"@type":"WebPage","@id":"https:\/\/as-hh-nord.de\/home\/2018\/04\/06\/6-4-2018-boerde-2h-cup\/","url":"https:\/\/as-hh-nord.de\/home\/2018\/04\/06\/6-4-2018-boerde-2h-cup\/","name":"6.4.2018 \u2013 B\u00f6rde 2h Cup - Automobilsport Hamburg-Nord e.V. im ADAC","isPartOf":{"@id":"https:\/\/as-hh-nord.de\/home\/#website"},"primaryImageOfPage":{"@id":"https:\/\/as-hh-nord.de\/home\/2018\/04\/06\/6-4-2018-boerde-2h-cup\/#primaryimage"},"image":{"@id":"https:\/\/as-hh-nord.de\/home\/2018\/04\/06\/6-4-2018-boerde-2h-cup\/#primaryimage"},"thumbnailUrl":"https:\/\/as-hh-nord.de\/wp-content\/uploads\/2022\/02\/200180406-Boerdesprint03.jpg","datePublished":"2018-04-06T09:30:00+00:00","dateModified":"2022-02-20T10:35:08+00:00","author":{"@id":"https:\/\/as-hh-nord.de\/home\/#\/schema\/person\/b39f77383e560a709fdae3435ff73c0f"},"breadcrumb":{"@id":"https:\/\/as-hh-nord.de\/home\/2018\/04\/06\/6-4-2018-boerde-2h-cup\/#breadcrumb"},"inLanguage":"de","potentialAction":[{"@type":"ReadAction","target":["https:\/\/as-hh-nord.de\/home\/2018\/04\/06\/6-4-2018-boerde-2h-cup\/"]}]},{"@type":"ImageObject","inLanguage":"de","@id":"https:\/\/as-hh-nord.de\/home\/2018\/04\/06\/6-4-2018-boerde-2h-cup\/#primaryimage","url":"https:\/\/as-hh-nord.de\/wp-content\/uploads\/2022\/02\/200180406-Boerdesprint03.jpg","contentUrl":"https:\/\/as-hh-nord.de\/wp-content\/uploads\/2022\/02\/200180406-Boerdesprint03.jpg","width":1050,"height":696},{"@type":"BreadcrumbList","@id":"https:\/\/as-hh-nord.de\/home\/2018\/04\/06\/6-4-2018-boerde-2h-cup\/#breadcrumb","itemListElement":[{"@type":"ListItem","position":1,"name":"Startseite","item":"https:\/\/as-hh-nord.de\/home\/"},{"@type":"ListItem","position":2,"name":"6.4.2018 \u2013 B\u00f6rde 2h Cup"}]},{"@type":"WebSite","@id":"https:\/\/as-hh-nord.de\/home\/#website","url":"https:\/\/as-hh-nord.de\/home\/","name":"Automobilsport Hamburg-Nord e.V. im ADAC","description":"","potentialAction":[{"@type":"SearchAction","target":{"@type":"EntryPoint","urlTemplate":"https:\/\/as-hh-nord.de\/home\/?s={search_term_string}"},"query-input":{"@type":"PropertyValueSpecification","valueRequired":true,"valueName":"search_term_string"}}],"inLanguage":"de"},{"@type":"Person","@id":"https:\/\/as-hh-nord.de\/home\/#\/schema\/person\/b39f77383e560a709fdae3435ff73c0f","name":"Reinhard Stoldt","image":{"@type":"ImageObject","inLanguage":"de","@id":"https:\/\/secure.gravatar.com\/avatar\/5e8e6842f9b215f30012b87b27c7eafe610cd3acd485b024feb3a1d5b48c0a70?s=96&d=mm&r=g","url":"https:\/\/secure.gravatar.com\/avatar\/5e8e6842f9b215f30012b87b27c7eafe610cd3acd485b024feb3a1d5b48c0a70?s=96&d=mm&r=g","contentUrl":"https:\/\/secure.gravatar.com\/avatar\/5e8e6842f9b215f30012b87b27c7eafe610cd3acd485b024feb3a1d5b48c0a70?s=96&d=mm&r=g","caption":"Reinhard Stoldt"},"url":"https:\/\/as-hh-nord.de\/home\/author\/reinhard-stoldt\/"}]}},"_links":{"self":[{"href":"https:\/\/as-hh-nord.de\/home\/wp-json\/wp\/v2\/posts\/554","targetHints":{"allow":["GET"]}}],"collection":[{"href":"https:\/\/as-hh-nord.de\/home\/wp-json\/wp\/v2\/posts"}],"about":[{"href":"https:\/\/as-hh-nord.de\/home\/wp-json\/wp\/v2\/types\/post"}],"author":[{"embeddable":true,"href":"https:\/\/as-hh-nord.de\/home\/wp-json\/wp\/v2\/users\/2"}],"replies":[{"embeddable":true,"href":"https:\/\/as-hh-nord.de\/home\/wp-json\/wp\/v2\/comments?post=554"}],"version-history":[{"count":1,"href":"https:\/\/as-hh-nord.de\/home\/wp-json\/wp\/v2\/posts\/554\/revisions"}],"predecessor-version":[{"id":564,"href":"https:\/\/as-hh-nord.de\/home\/wp-json\/wp\/v2\/posts\/554\/revisions\/564"}],"wp:featuredmedia":[{"embeddable":true,"href":"https:\/\/as-hh-nord.de\/home\/wp-json\/wp\/v2\/media\/562"}],"wp:attachment":[{"href":"https:\/\/as-hh-nord.de\/home\/wp-json\/wp\/v2\/media?parent=554"}],"wp:term":[{"taxonomy":"category","embeddable":true,"href":"https:\/\/as-hh-nord.de\/home\/wp-json\/wp\/v2\/categories?post=554"},{"taxonomy":"post_tag","embeddable":true,"href":"https:\/\/as-hh-nord.de\/home\/wp-json\/wp\/v2\/tags?post=554"}],"curies":[{"name":"wp","href":"https:\/\/api.w.org\/{rel}","templated":true}]}}