{"id":482,"date":"2017-04-09T11:53:00","date_gmt":"2017-04-09T09:53:00","guid":{"rendered":"https:\/\/as-hh-nord.de\/home\/?p=482"},"modified":"2022-02-19T11:58:12","modified_gmt":"2022-02-19T10:58:12","slug":"9-4-2017-2h-cup-oschersleben","status":"publish","type":"post","link":"https:\/\/as-hh-nord.de\/home\/2017\/04\/09\/9-4-2017-2h-cup-oschersleben\/","title":{"rendered":"9.4.2017 \u2013 2h-Cup Oschersleben"},"content":{"rendered":"\n<p>Eine Woche vorher war Henrik in Oschersleben mit Andreas J\u00fcrgens in Kontakt gekommen und eine Woche sp\u00e4ter war er wieder in Oschersleben, um auf dem Auto von Andreas zu fahren. Der BMW 318 ti in Cup-Version wird im Rahmen des B\u00f6rdesprints im 2h-Cup und ab 2017 auch bei Langstreckenrennen auf anderen Strecken eingesetzt. Es existieren 10 Fahrzeuge, die vor jedem Rennen unter den Teilnehmern verlost werden.<br>Das anstehende Rennen z\u00e4hlte allerdings nicht zum 318-ti-Cup, deshalb war nur ein Fahrzeug just for fun eingesetzt. Es ging eher darum, die beiden angetretenen Cup-Cruze zu schlagen.<br>Im freien Training konnte sich Henrik mit dem Auto vertraut machen und es wurde ihm die Aufgabe \u00fcbertragen, das Qualifying zu fahren. Das Quali geriet zur spannenden Auseinandersetzung mit Marioneck auf dem schnellsten Cruze. Der lag Runde f\u00fcr Runde vorn. Immer wenn Henrik die schnellste Zeit fuhr, konterte er sofort wieder. In seiner siebten und letzten Runde setzte Marioneck mit 1:53,988 die Top-Zeit. Henrik war allerdings fr\u00fcher rausgefahren und hatte noch eine Runde mehr. In seiner letzten Runde steigerte er dann noch auf 1:53,977 und \u00fcbernahm die Poleposition mit einer hundertstel Sekunde Vorsprung.<br>Folgerichtig musste er dann auch Start und ersten Stint fahren. Er kam auch gut weg, hatte aber an der ersten Ecke einen Verbremser und fuhr dann neben Marioneck durch die Hotelkurve und bis zur Hasser\u00f6der. Da Henrik dort au\u00dfen war, musste er zur\u00fcckstecken und fuhr dann eine knappe Viertelstunde in kurzem Abstand hinterher, hatte aber keine \u00dcberholchance. Der BMW konnte im Windschatten folgen, kam aber nicht n\u00e4her. Auf der Bremse hatte Henrik leichte Vorteile, das reichte aber nicht f\u00fcr einen Angriff. Der kam dann aber in der siebten Runde, als Marioneck scheinbar aufgab, vielleicht wegen \u00fcberstrapazierter Reifen, und Henrik Ende Start-Ziel-Gerade vorbeifahren konnte. Von da an vergr\u00f6\u00dferte Henrik kontinuierlich den Vorsprung, bis er nach 55 Minuten mit 40 Sekunden Vorsprung das Lenkrad an Andreas Schulze \u00fcbergab. Der konnte den Vorsprung gegen Doreen Seidel im Cruze noch leicht ausbauen. Den Schluss-Stint \u00fcbernahm Andreas J\u00fcrgens im BMW, w\u00e4hrend den Cruze wieder Marioneck \u00fcbernahm. Der Vorsprung schmolz nun zusehends ab, aber mit 10 Sekunden Vorsprung konnte das BMW-Team den Sieg einfahren. Die im Rennen befindlichen Cup-Logan wurden bis auf den Sieger, der eine Runde zur\u00fcck lag, alle mindestens zweimal \u00fcberrundet.<br>Anzumerken ist noch, dass Henrik mit seiner schnellsten Rennrunde von 1:53,909 erst der zweite Fahrer im 318-ti-Cup ist, die die 1:54er Marke geknackt hat.<\/p>\n\n\n\n<figure class=\"wp-block-image size-full\"><img loading=\"lazy\" decoding=\"async\" width=\"822\" height=\"539\" src=\"https:\/\/as-hh-nord.de\/wp-content\/uploads\/2017\/20170409Start01.jpg\" alt=\"\" class=\"wp-image-487\" srcset=\"https:\/\/as-hh-nord.de\/wp-content\/uploads\/2017\/20170409Start01.jpg 822w, https:\/\/as-hh-nord.de\/wp-content\/uploads\/2017\/20170409Start01-300x197.jpg 300w, https:\/\/as-hh-nord.de\/wp-content\/uploads\/2017\/20170409Start01-768x504.jpg 768w, https:\/\/as-hh-nord.de\/wp-content\/uploads\/2017\/20170409Start01-534x350.jpg 534w, https:\/\/as-hh-nord.de\/wp-content\/uploads\/2017\/20170409Start01-150x98.jpg 150w\" sizes=\"auto, (max-width: 822px) 100vw, 822px\" \/><\/figure>\n\n\n\n<figure class=\"wp-block-image size-full\"><img loading=\"lazy\" decoding=\"async\" width=\"827\" height=\"538\" src=\"https:\/\/as-hh-nord.de\/wp-content\/uploads\/2017\/20170409Start02.jpg\" alt=\"\" class=\"wp-image-488\" srcset=\"https:\/\/as-hh-nord.de\/wp-content\/uploads\/2017\/20170409Start02.jpg 827w, https:\/\/as-hh-nord.de\/wp-content\/uploads\/2017\/20170409Start02-300x195.jpg 300w, https:\/\/as-hh-nord.de\/wp-content\/uploads\/2017\/20170409Start02-768x500.jpg 768w, https:\/\/as-hh-nord.de\/wp-content\/uploads\/2017\/20170409Start02-538x350.jpg 538w, https:\/\/as-hh-nord.de\/wp-content\/uploads\/2017\/20170409Start02-150x98.jpg 150w\" sizes=\"auto, (max-width: 827px) 100vw, 827px\" \/><\/figure>\n\n\n\n<figure class=\"wp-block-image size-full\"><img loading=\"lazy\" decoding=\"async\" width=\"839\" height=\"552\" src=\"https:\/\/as-hh-nord.de\/wp-content\/uploads\/2017\/20170409Start03.jpg\" alt=\"\" class=\"wp-image-489\" srcset=\"https:\/\/as-hh-nord.de\/wp-content\/uploads\/2017\/20170409Start03.jpg 839w, https:\/\/as-hh-nord.de\/wp-content\/uploads\/2017\/20170409Start03-300x197.jpg 300w, https:\/\/as-hh-nord.de\/wp-content\/uploads\/2017\/20170409Start03-768x505.jpg 768w, https:\/\/as-hh-nord.de\/wp-content\/uploads\/2017\/20170409Start03-532x350.jpg 532w, https:\/\/as-hh-nord.de\/wp-content\/uploads\/2017\/20170409Start03-150x99.jpg 150w\" sizes=\"auto, (max-width: 839px) 100vw, 839px\" \/><\/figure>\n\n\n\n<figure class=\"wp-block-image size-full\"><img loading=\"lazy\" decoding=\"async\" width=\"828\" height=\"539\" src=\"https:\/\/as-hh-nord.de\/wp-content\/uploads\/2017\/20170409Renn01.jpg\" alt=\"\" class=\"wp-image-483\" srcset=\"https:\/\/as-hh-nord.de\/wp-content\/uploads\/2017\/20170409Renn01.jpg 828w, https:\/\/as-hh-nord.de\/wp-content\/uploads\/2017\/20170409Renn01-300x195.jpg 300w, https:\/\/as-hh-nord.de\/wp-content\/uploads\/2017\/20170409Renn01-768x500.jpg 768w, https:\/\/as-hh-nord.de\/wp-content\/uploads\/2017\/20170409Renn01-538x350.jpg 538w, https:\/\/as-hh-nord.de\/wp-content\/uploads\/2017\/20170409Renn01-150x98.jpg 150w\" sizes=\"auto, (max-width: 828px) 100vw, 828px\" \/><\/figure>\n\n\n\n<figure class=\"wp-block-image size-full\"><img loading=\"lazy\" decoding=\"async\" width=\"832\" height=\"541\" src=\"https:\/\/as-hh-nord.de\/wp-content\/uploads\/2017\/20170409Renn02.jpg\" alt=\"\" class=\"wp-image-484\" srcset=\"https:\/\/as-hh-nord.de\/wp-content\/uploads\/2017\/20170409Renn02.jpg 832w, https:\/\/as-hh-nord.de\/wp-content\/uploads\/2017\/20170409Renn02-300x195.jpg 300w, https:\/\/as-hh-nord.de\/wp-content\/uploads\/2017\/20170409Renn02-768x499.jpg 768w, https:\/\/as-hh-nord.de\/wp-content\/uploads\/2017\/20170409Renn02-538x350.jpg 538w, https:\/\/as-hh-nord.de\/wp-content\/uploads\/2017\/20170409Renn02-150x98.jpg 150w\" sizes=\"auto, (max-width: 832px) 100vw, 832px\" \/><\/figure>\n\n\n\n<figure class=\"wp-block-image size-full\"><img loading=\"lazy\" decoding=\"async\" width=\"837\" height=\"536\" src=\"https:\/\/as-hh-nord.de\/wp-content\/uploads\/2017\/20170409Renn03.jpg\" alt=\"\" class=\"wp-image-485\" srcset=\"https:\/\/as-hh-nord.de\/wp-content\/uploads\/2017\/20170409Renn03.jpg 837w, https:\/\/as-hh-nord.de\/wp-content\/uploads\/2017\/20170409Renn03-300x192.jpg 300w, https:\/\/as-hh-nord.de\/wp-content\/uploads\/2017\/20170409Renn03-768x492.jpg 768w, https:\/\/as-hh-nord.de\/wp-content\/uploads\/2017\/20170409Renn03-547x350.jpg 547w, https:\/\/as-hh-nord.de\/wp-content\/uploads\/2017\/20170409Renn03-150x96.jpg 150w\" sizes=\"auto, (max-width: 837px) 100vw, 837px\" \/><\/figure>\n\n\n\n<figure class=\"wp-block-image size-full\"><img loading=\"lazy\" decoding=\"async\" width=\"818\" height=\"535\" src=\"https:\/\/as-hh-nord.de\/wp-content\/uploads\/2017\/20170409Renn04.jpg\" alt=\"\" class=\"wp-image-486\" srcset=\"https:\/\/as-hh-nord.de\/wp-content\/uploads\/2017\/20170409Renn04.jpg 818w, https:\/\/as-hh-nord.de\/wp-content\/uploads\/2017\/20170409Renn04-300x196.jpg 300w, https:\/\/as-hh-nord.de\/wp-content\/uploads\/2017\/20170409Renn04-768x502.jpg 768w, https:\/\/as-hh-nord.de\/wp-content\/uploads\/2017\/20170409Renn04-535x350.jpg 535w, https:\/\/as-hh-nord.de\/wp-content\/uploads\/2017\/20170409Renn04-150x98.jpg 150w\" sizes=\"auto, (max-width: 818px) 100vw, 818px\" \/><\/figure>\n","protected":false},"excerpt":{"rendered":"<p>Eine Woche vorher war Henrik in Oschersleben mit Andreas J\u00fcrgens in Kontakt gekommen und eine Woche sp\u00e4ter war er wieder in Oschersleben, um auf dem Auto von Andreas zu fahren. Der BMW 318 ti in Cup-Version wird im Rahmen des B\u00f6rdesprints im 2h-Cup und ab 2017 auch bei Langstreckenrennen auf&#8230; <a class=\"continue-reading-link\" href=\"https:\/\/as-hh-nord.de\/home\/2017\/04\/09\/9-4-2017-2h-cup-oschersleben\/\">mehr<\/a><\/p>\n","protected":false},"author":2,"featured_media":485,"comment_status":"open","ping_status":"open","sticky":false,"template":"","format":"standard","meta":{"footnotes":""},"categories":[17],"tags":[],"class_list":["post-482","post","type-post","status-publish","format-standard","has-post-thumbnail","hentry","category-rennen"],"yoast_head":"<!-- This site is optimized with the Yoast SEO plugin v27.5 - https:\/\/yoast.com\/product\/yoast-seo-wordpress\/ -->\n<title>9.4.2017 \u2013 2h-Cup Oschersleben - Automobilsport Hamburg-Nord e.V. im ADAC<\/title>\n<meta name=\"robots\" content=\"index, follow, max-snippet:-1, max-image-preview:large, max-video-preview:-1\" \/>\n<link rel=\"canonical\" href=\"https:\/\/as-hh-nord.de\/home\/2017\/04\/09\/9-4-2017-2h-cup-oschersleben\/\" \/>\n<meta property=\"og:locale\" content=\"de_DE\" \/>\n<meta property=\"og:type\" content=\"article\" \/>\n<meta property=\"og:title\" content=\"9.4.2017 \u2013 2h-Cup Oschersleben - Automobilsport Hamburg-Nord e.V. im ADAC\" \/>\n<meta property=\"og:description\" content=\"Eine Woche vorher war Henrik in Oschersleben mit Andreas J\u00fcrgens in Kontakt gekommen und eine Woche sp\u00e4ter war er wieder in Oschersleben, um auf dem Auto von Andreas zu fahren. Der BMW 318 ti in Cup-Version wird im Rahmen des B\u00f6rdesprints im 2h-Cup und ab 2017 auch bei Langstreckenrennen auf... mehr\" \/>\n<meta property=\"og:url\" content=\"https:\/\/as-hh-nord.de\/home\/2017\/04\/09\/9-4-2017-2h-cup-oschersleben\/\" \/>\n<meta property=\"og:site_name\" content=\"Automobilsport Hamburg-Nord e.V. im ADAC\" \/>\n<meta property=\"article:published_time\" content=\"2017-04-09T09:53:00+00:00\" \/>\n<meta property=\"article:modified_time\" content=\"2022-02-19T10:58:12+00:00\" \/>\n<meta property=\"og:image\" content=\"https:\/\/as-hh-nord.de\/wp-content\/uploads\/2017\/20170409Renn03.jpg\" \/>\n\t<meta property=\"og:image:width\" content=\"837\" \/>\n\t<meta property=\"og:image:height\" content=\"536\" \/>\n\t<meta property=\"og:image:type\" content=\"image\/jpeg\" \/>\n<meta name=\"author\" content=\"Reinhard Stoldt\" \/>\n<meta name=\"twitter:card\" content=\"summary_large_image\" \/>\n<meta name=\"twitter:label1\" content=\"Verfasst von\" \/>\n\t<meta name=\"twitter:data1\" content=\"Reinhard Stoldt\" \/>\n\t<meta name=\"twitter:label2\" content=\"Gesch\u00e4tzte Lesezeit\" \/>\n\t<meta name=\"twitter:data2\" content=\"2\u00a0Minuten\" \/>\n<script type=\"application\/ld+json\" class=\"yoast-schema-graph\">{\"@context\":\"https:\\\/\\\/schema.org\",\"@graph\":[{\"@type\":\"Article\",\"@id\":\"https:\\\/\\\/as-hh-nord.de\\\/home\\\/2017\\\/04\\\/09\\\/9-4-2017-2h-cup-oschersleben\\\/#article\",\"isPartOf\":{\"@id\":\"https:\\\/\\\/as-hh-nord.de\\\/home\\\/2017\\\/04\\\/09\\\/9-4-2017-2h-cup-oschersleben\\\/\"},\"author\":{\"name\":\"Reinhard Stoldt\",\"@id\":\"https:\\\/\\\/as-hh-nord.de\\\/home\\\/#\\\/schema\\\/person\\\/b39f77383e560a709fdae3435ff73c0f\"},\"headline\":\"9.4.2017 \u2013 2h-Cup Oschersleben\",\"datePublished\":\"2017-04-09T09:53:00+00:00\",\"dateModified\":\"2022-02-19T10:58:12+00:00\",\"mainEntityOfPage\":{\"@id\":\"https:\\\/\\\/as-hh-nord.de\\\/home\\\/2017\\\/04\\\/09\\\/9-4-2017-2h-cup-oschersleben\\\/\"},\"wordCount\":405,\"commentCount\":0,\"image\":{\"@id\":\"https:\\\/\\\/as-hh-nord.de\\\/home\\\/2017\\\/04\\\/09\\\/9-4-2017-2h-cup-oschersleben\\\/#primaryimage\"},\"thumbnailUrl\":\"https:\\\/\\\/as-hh-nord.de\\\/wp-content\\\/uploads\\\/2017\\\/20170409Renn03.jpg\",\"articleSection\":[\"Rennen\"],\"inLanguage\":\"de\",\"potentialAction\":[{\"@type\":\"CommentAction\",\"name\":\"Comment\",\"target\":[\"https:\\\/\\\/as-hh-nord.de\\\/home\\\/2017\\\/04\\\/09\\\/9-4-2017-2h-cup-oschersleben\\\/#respond\"]}]},{\"@type\":\"WebPage\",\"@id\":\"https:\\\/\\\/as-hh-nord.de\\\/home\\\/2017\\\/04\\\/09\\\/9-4-2017-2h-cup-oschersleben\\\/\",\"url\":\"https:\\\/\\\/as-hh-nord.de\\\/home\\\/2017\\\/04\\\/09\\\/9-4-2017-2h-cup-oschersleben\\\/\",\"name\":\"9.4.2017 \u2013 2h-Cup Oschersleben - Automobilsport Hamburg-Nord e.V. im ADAC\",\"isPartOf\":{\"@id\":\"https:\\\/\\\/as-hh-nord.de\\\/home\\\/#website\"},\"primaryImageOfPage\":{\"@id\":\"https:\\\/\\\/as-hh-nord.de\\\/home\\\/2017\\\/04\\\/09\\\/9-4-2017-2h-cup-oschersleben\\\/#primaryimage\"},\"image\":{\"@id\":\"https:\\\/\\\/as-hh-nord.de\\\/home\\\/2017\\\/04\\\/09\\\/9-4-2017-2h-cup-oschersleben\\\/#primaryimage\"},\"thumbnailUrl\":\"https:\\\/\\\/as-hh-nord.de\\\/wp-content\\\/uploads\\\/2017\\\/20170409Renn03.jpg\",\"datePublished\":\"2017-04-09T09:53:00+00:00\",\"dateModified\":\"2022-02-19T10:58:12+00:00\",\"author\":{\"@id\":\"https:\\\/\\\/as-hh-nord.de\\\/home\\\/#\\\/schema\\\/person\\\/b39f77383e560a709fdae3435ff73c0f\"},\"breadcrumb\":{\"@id\":\"https:\\\/\\\/as-hh-nord.de\\\/home\\\/2017\\\/04\\\/09\\\/9-4-2017-2h-cup-oschersleben\\\/#breadcrumb\"},\"inLanguage\":\"de\",\"potentialAction\":[{\"@type\":\"ReadAction\",\"target\":[\"https:\\\/\\\/as-hh-nord.de\\\/home\\\/2017\\\/04\\\/09\\\/9-4-2017-2h-cup-oschersleben\\\/\"]}]},{\"@type\":\"ImageObject\",\"inLanguage\":\"de\",\"@id\":\"https:\\\/\\\/as-hh-nord.de\\\/home\\\/2017\\\/04\\\/09\\\/9-4-2017-2h-cup-oschersleben\\\/#primaryimage\",\"url\":\"https:\\\/\\\/as-hh-nord.de\\\/wp-content\\\/uploads\\\/2017\\\/20170409Renn03.jpg\",\"contentUrl\":\"https:\\\/\\\/as-hh-nord.de\\\/wp-content\\\/uploads\\\/2017\\\/20170409Renn03.jpg\",\"width\":837,\"height\":536},{\"@type\":\"BreadcrumbList\",\"@id\":\"https:\\\/\\\/as-hh-nord.de\\\/home\\\/2017\\\/04\\\/09\\\/9-4-2017-2h-cup-oschersleben\\\/#breadcrumb\",\"itemListElement\":[{\"@type\":\"ListItem\",\"position\":1,\"name\":\"Startseite\",\"item\":\"https:\\\/\\\/as-hh-nord.de\\\/home\\\/\"},{\"@type\":\"ListItem\",\"position\":2,\"name\":\"9.4.2017 \u2013 2h-Cup Oschersleben\"}]},{\"@type\":\"WebSite\",\"@id\":\"https:\\\/\\\/as-hh-nord.de\\\/home\\\/#website\",\"url\":\"https:\\\/\\\/as-hh-nord.de\\\/home\\\/\",\"name\":\"Automobilsport Hamburg-Nord e.V. im ADAC\",\"description\":\"\",\"potentialAction\":[{\"@type\":\"SearchAction\",\"target\":{\"@type\":\"EntryPoint\",\"urlTemplate\":\"https:\\\/\\\/as-hh-nord.de\\\/home\\\/?s={search_term_string}\"},\"query-input\":{\"@type\":\"PropertyValueSpecification\",\"valueRequired\":true,\"valueName\":\"search_term_string\"}}],\"inLanguage\":\"de\"},{\"@type\":\"Person\",\"@id\":\"https:\\\/\\\/as-hh-nord.de\\\/home\\\/#\\\/schema\\\/person\\\/b39f77383e560a709fdae3435ff73c0f\",\"name\":\"Reinhard Stoldt\",\"image\":{\"@type\":\"ImageObject\",\"inLanguage\":\"de\",\"@id\":\"https:\\\/\\\/secure.gravatar.com\\\/avatar\\\/5e8e6842f9b215f30012b87b27c7eafe610cd3acd485b024feb3a1d5b48c0a70?s=96&d=mm&r=g\",\"url\":\"https:\\\/\\\/secure.gravatar.com\\\/avatar\\\/5e8e6842f9b215f30012b87b27c7eafe610cd3acd485b024feb3a1d5b48c0a70?s=96&d=mm&r=g\",\"contentUrl\":\"https:\\\/\\\/secure.gravatar.com\\\/avatar\\\/5e8e6842f9b215f30012b87b27c7eafe610cd3acd485b024feb3a1d5b48c0a70?s=96&d=mm&r=g\",\"caption\":\"Reinhard Stoldt\"},\"url\":\"https:\\\/\\\/as-hh-nord.de\\\/home\\\/author\\\/reinhard-stoldt\\\/\"}]}<\/script>\n<!-- \/ Yoast SEO plugin. -->","yoast_head_json":{"title":"9.4.2017 \u2013 2h-Cup Oschersleben - Automobilsport Hamburg-Nord e.V. im ADAC","robots":{"index":"index","follow":"follow","max-snippet":"max-snippet:-1","max-image-preview":"max-image-preview:large","max-video-preview":"max-video-preview:-1"},"canonical":"https:\/\/as-hh-nord.de\/home\/2017\/04\/09\/9-4-2017-2h-cup-oschersleben\/","og_locale":"de_DE","og_type":"article","og_title":"9.4.2017 \u2013 2h-Cup Oschersleben - Automobilsport Hamburg-Nord e.V. im ADAC","og_description":"Eine Woche vorher war Henrik in Oschersleben mit Andreas J\u00fcrgens in Kontakt gekommen und eine Woche sp\u00e4ter war er wieder in Oschersleben, um auf dem Auto von Andreas zu fahren. Der BMW 318 ti in Cup-Version wird im Rahmen des B\u00f6rdesprints im 2h-Cup und ab 2017 auch bei Langstreckenrennen auf... mehr","og_url":"https:\/\/as-hh-nord.de\/home\/2017\/04\/09\/9-4-2017-2h-cup-oschersleben\/","og_site_name":"Automobilsport Hamburg-Nord e.V. im ADAC","article_published_time":"2017-04-09T09:53:00+00:00","article_modified_time":"2022-02-19T10:58:12+00:00","og_image":[{"width":837,"height":536,"url":"https:\/\/as-hh-nord.de\/wp-content\/uploads\/2017\/20170409Renn03.jpg","type":"image\/jpeg"}],"author":"Reinhard Stoldt","twitter_card":"summary_large_image","twitter_misc":{"Verfasst von":"Reinhard Stoldt","Gesch\u00e4tzte Lesezeit":"2\u00a0Minuten"},"schema":{"@context":"https:\/\/schema.org","@graph":[{"@type":"Article","@id":"https:\/\/as-hh-nord.de\/home\/2017\/04\/09\/9-4-2017-2h-cup-oschersleben\/#article","isPartOf":{"@id":"https:\/\/as-hh-nord.de\/home\/2017\/04\/09\/9-4-2017-2h-cup-oschersleben\/"},"author":{"name":"Reinhard Stoldt","@id":"https:\/\/as-hh-nord.de\/home\/#\/schema\/person\/b39f77383e560a709fdae3435ff73c0f"},"headline":"9.4.2017 \u2013 2h-Cup Oschersleben","datePublished":"2017-04-09T09:53:00+00:00","dateModified":"2022-02-19T10:58:12+00:00","mainEntityOfPage":{"@id":"https:\/\/as-hh-nord.de\/home\/2017\/04\/09\/9-4-2017-2h-cup-oschersleben\/"},"wordCount":405,"commentCount":0,"image":{"@id":"https:\/\/as-hh-nord.de\/home\/2017\/04\/09\/9-4-2017-2h-cup-oschersleben\/#primaryimage"},"thumbnailUrl":"https:\/\/as-hh-nord.de\/wp-content\/uploads\/2017\/20170409Renn03.jpg","articleSection":["Rennen"],"inLanguage":"de","potentialAction":[{"@type":"CommentAction","name":"Comment","target":["https:\/\/as-hh-nord.de\/home\/2017\/04\/09\/9-4-2017-2h-cup-oschersleben\/#respond"]}]},{"@type":"WebPage","@id":"https:\/\/as-hh-nord.de\/home\/2017\/04\/09\/9-4-2017-2h-cup-oschersleben\/","url":"https:\/\/as-hh-nord.de\/home\/2017\/04\/09\/9-4-2017-2h-cup-oschersleben\/","name":"9.4.2017 \u2013 2h-Cup Oschersleben - Automobilsport Hamburg-Nord e.V. im ADAC","isPartOf":{"@id":"https:\/\/as-hh-nord.de\/home\/#website"},"primaryImageOfPage":{"@id":"https:\/\/as-hh-nord.de\/home\/2017\/04\/09\/9-4-2017-2h-cup-oschersleben\/#primaryimage"},"image":{"@id":"https:\/\/as-hh-nord.de\/home\/2017\/04\/09\/9-4-2017-2h-cup-oschersleben\/#primaryimage"},"thumbnailUrl":"https:\/\/as-hh-nord.de\/wp-content\/uploads\/2017\/20170409Renn03.jpg","datePublished":"2017-04-09T09:53:00+00:00","dateModified":"2022-02-19T10:58:12+00:00","author":{"@id":"https:\/\/as-hh-nord.de\/home\/#\/schema\/person\/b39f77383e560a709fdae3435ff73c0f"},"breadcrumb":{"@id":"https:\/\/as-hh-nord.de\/home\/2017\/04\/09\/9-4-2017-2h-cup-oschersleben\/#breadcrumb"},"inLanguage":"de","potentialAction":[{"@type":"ReadAction","target":["https:\/\/as-hh-nord.de\/home\/2017\/04\/09\/9-4-2017-2h-cup-oschersleben\/"]}]},{"@type":"ImageObject","inLanguage":"de","@id":"https:\/\/as-hh-nord.de\/home\/2017\/04\/09\/9-4-2017-2h-cup-oschersleben\/#primaryimage","url":"https:\/\/as-hh-nord.de\/wp-content\/uploads\/2017\/20170409Renn03.jpg","contentUrl":"https:\/\/as-hh-nord.de\/wp-content\/uploads\/2017\/20170409Renn03.jpg","width":837,"height":536},{"@type":"BreadcrumbList","@id":"https:\/\/as-hh-nord.de\/home\/2017\/04\/09\/9-4-2017-2h-cup-oschersleben\/#breadcrumb","itemListElement":[{"@type":"ListItem","position":1,"name":"Startseite","item":"https:\/\/as-hh-nord.de\/home\/"},{"@type":"ListItem","position":2,"name":"9.4.2017 \u2013 2h-Cup Oschersleben"}]},{"@type":"WebSite","@id":"https:\/\/as-hh-nord.de\/home\/#website","url":"https:\/\/as-hh-nord.de\/home\/","name":"Automobilsport Hamburg-Nord e.V. im ADAC","description":"","potentialAction":[{"@type":"SearchAction","target":{"@type":"EntryPoint","urlTemplate":"https:\/\/as-hh-nord.de\/home\/?s={search_term_string}"},"query-input":{"@type":"PropertyValueSpecification","valueRequired":true,"valueName":"search_term_string"}}],"inLanguage":"de"},{"@type":"Person","@id":"https:\/\/as-hh-nord.de\/home\/#\/schema\/person\/b39f77383e560a709fdae3435ff73c0f","name":"Reinhard Stoldt","image":{"@type":"ImageObject","inLanguage":"de","@id":"https:\/\/secure.gravatar.com\/avatar\/5e8e6842f9b215f30012b87b27c7eafe610cd3acd485b024feb3a1d5b48c0a70?s=96&d=mm&r=g","url":"https:\/\/secure.gravatar.com\/avatar\/5e8e6842f9b215f30012b87b27c7eafe610cd3acd485b024feb3a1d5b48c0a70?s=96&d=mm&r=g","contentUrl":"https:\/\/secure.gravatar.com\/avatar\/5e8e6842f9b215f30012b87b27c7eafe610cd3acd485b024feb3a1d5b48c0a70?s=96&d=mm&r=g","caption":"Reinhard Stoldt"},"url":"https:\/\/as-hh-nord.de\/home\/author\/reinhard-stoldt\/"}]}},"_links":{"self":[{"href":"https:\/\/as-hh-nord.de\/home\/wp-json\/wp\/v2\/posts\/482","targetHints":{"allow":["GET"]}}],"collection":[{"href":"https:\/\/as-hh-nord.de\/home\/wp-json\/wp\/v2\/posts"}],"about":[{"href":"https:\/\/as-hh-nord.de\/home\/wp-json\/wp\/v2\/types\/post"}],"author":[{"embeddable":true,"href":"https:\/\/as-hh-nord.de\/home\/wp-json\/wp\/v2\/users\/2"}],"replies":[{"embeddable":true,"href":"https:\/\/as-hh-nord.de\/home\/wp-json\/wp\/v2\/comments?post=482"}],"version-history":[{"count":1,"href":"https:\/\/as-hh-nord.de\/home\/wp-json\/wp\/v2\/posts\/482\/revisions"}],"predecessor-version":[{"id":490,"href":"https:\/\/as-hh-nord.de\/home\/wp-json\/wp\/v2\/posts\/482\/revisions\/490"}],"wp:featuredmedia":[{"embeddable":true,"href":"https:\/\/as-hh-nord.de\/home\/wp-json\/wp\/v2\/media\/485"}],"wp:attachment":[{"href":"https:\/\/as-hh-nord.de\/home\/wp-json\/wp\/v2\/media?parent=482"}],"wp:term":[{"taxonomy":"category","embeddable":true,"href":"https:\/\/as-hh-nord.de\/home\/wp-json\/wp\/v2\/categories?post=482"},{"taxonomy":"post_tag","embeddable":true,"href":"https:\/\/as-hh-nord.de\/home\/wp-json\/wp\/v2\/tags?post=482"}],"curies":[{"name":"wp","href":"https:\/\/api.w.org\/{rel}","templated":true}]}}