{"id":1487,"date":"2023-07-03T12:44:38","date_gmt":"2023-07-03T10:44:38","guid":{"rendered":"https:\/\/as-hh-nord.de\/home\/?p=1487"},"modified":"2023-07-03T12:44:39","modified_gmt":"2023-07-03T10:44:39","slug":"2-7-2023-clubslalom-geesthacht","status":"publish","type":"post","link":"https:\/\/as-hh-nord.de\/home\/2023\/07\/03\/2-7-2023-clubslalom-geesthacht\/","title":{"rendered":"2.7.2023 \u2013 Clubslalom Geesthacht"},"content":{"rendered":"\n<p>Thomas hatte sein Auto erst gar nicht abgeladen, denn einen Tag nach dem Travering war bereits in Geesthacht eine Doppelveranstaltung auf dem Kalender. Kurz nach ihm trafen Reinhard und Henrik ein. Die Wetterprognosen waren etwas kippelig, aber letztendlich blieb der ganze Sonntag regenfrei.<\/p>\n\n\n\n<p>Thomas und Reinhard fuhren vormittags in der letzten Startgruppe gemeinsam. In Reinhards 3a waren au\u00dfer ihm 3 Teilnehmer am Start, Thomas hatte es in der 3b immerhin mit 11 Gegnern zu tun. Reinhard hielt sich mit seinen Zeiten immer auf Platz 2 und lag letztendlich hinter Achim Behrens mit 1,8 Sekunden R\u00fcckstand und 1,5 Sekunden vor dem Dritten. Thomas war jahrelang nicht in Geesthacht und hatte den Kurs fast vergessen. Er arbeitete sich aber kontinuierlich vor mit Zeitensteigerungen von 0,8 und 0,6 Sekunden bis auf Platz 6.<\/p>\n\n\n\n<p>In der Mittagspause machten die beiden noch mal einen Rundgang um die leicht modifizierte Strecke und Reinhard gab hier und da noch ein paar Hinweise, wie an manchen Ecken erfolgreich zu fahren war. Das n\u00fctzte sp\u00e4ter, aber zuerst einmal war in der Nachmittagsveranstaltung Henrik in der 2c dran, der seinen neuen Clio einem ersten Funktionstest unterziehen wollte. Er fuhr von Anfang an Bestzeiten in der Klasse und gewann mit 1,2 Sekunden Vorsprung. Er war teilweise begeistert \u00fcber die Performance und das Handling, aber teilweise auch entt\u00e4uscht wegen starken Untersteuerns an manchen Ecken. Beim Trackday in Padborg wird auf jeden Fall noch dies und das am Setup zu \u00fcberarbeiten sein.<\/p>\n\n\n\n<p>Wiederum in der letzten Startgruppe waren Thomas und Reinhard am Werk. Bei Reinhard sah es \u00e4hnlich wie vormittags aus, nur dass er sich noch um ein paar Zehntel verbesserte und die Abst\u00e4nde nach vorn und hinten geringer wurden. Thomas konnte seine Zeiten deutlich steigern und r\u00fcckte auf Platz vier nach vorne. Der n\u00e4chste Einsatz in Geesthacht soll dann im August mit dem E30 erfolgen, der bis dato immer noch nicht 100 % fertig war.<\/p>\n\n\n\n<figure class=\"wp-block-image size-large\"><img loading=\"lazy\" decoding=\"async\" width=\"1024\" height=\"683\" src=\"https:\/\/as-hh-nord.de\/wp-content\/uploads\/2023\/07\/20230702-Geesthacht01-1024x683.jpg\" alt=\"\" class=\"wp-image-1488\" srcset=\"https:\/\/as-hh-nord.de\/wp-content\/uploads\/2023\/07\/20230702-Geesthacht01-1024x683.jpg 1024w, https:\/\/as-hh-nord.de\/wp-content\/uploads\/2023\/07\/20230702-Geesthacht01-300x200.jpg 300w, https:\/\/as-hh-nord.de\/wp-content\/uploads\/2023\/07\/20230702-Geesthacht01-768x512.jpg 768w, https:\/\/as-hh-nord.de\/wp-content\/uploads\/2023\/07\/20230702-Geesthacht01-1536x1024.jpg 1536w, https:\/\/as-hh-nord.de\/wp-content\/uploads\/2023\/07\/20230702-Geesthacht01-2048x1365.jpg 2048w, https:\/\/as-hh-nord.de\/wp-content\/uploads\/2023\/07\/20230702-Geesthacht01-525x350.jpg 525w, https:\/\/as-hh-nord.de\/wp-content\/uploads\/2023\/07\/20230702-Geesthacht01-150x100.jpg 150w\" sizes=\"auto, (max-width: 1024px) 100vw, 1024px\" \/><figcaption class=\"wp-element-caption\">Trainingslauf Henrik in der letzten Kurve<\/figcaption><\/figure>\n\n\n\n<figure class=\"wp-block-image size-large\"><img loading=\"lazy\" decoding=\"async\" width=\"1024\" height=\"683\" src=\"https:\/\/as-hh-nord.de\/wp-content\/uploads\/2023\/07\/20230702-Geesthacht02-1024x683.jpg\" alt=\"\" class=\"wp-image-1489\" srcset=\"https:\/\/as-hh-nord.de\/wp-content\/uploads\/2023\/07\/20230702-Geesthacht02-1024x683.jpg 1024w, https:\/\/as-hh-nord.de\/wp-content\/uploads\/2023\/07\/20230702-Geesthacht02-300x200.jpg 300w, https:\/\/as-hh-nord.de\/wp-content\/uploads\/2023\/07\/20230702-Geesthacht02-768x512.jpg 768w, https:\/\/as-hh-nord.de\/wp-content\/uploads\/2023\/07\/20230702-Geesthacht02-1536x1024.jpg 1536w, https:\/\/as-hh-nord.de\/wp-content\/uploads\/2023\/07\/20230702-Geesthacht02-2048x1365.jpg 2048w, https:\/\/as-hh-nord.de\/wp-content\/uploads\/2023\/07\/20230702-Geesthacht02-525x350.jpg 525w, https:\/\/as-hh-nord.de\/wp-content\/uploads\/2023\/07\/20230702-Geesthacht02-150x100.jpg 150w\" sizes=\"auto, (max-width: 1024px) 100vw, 1024px\" \/><figcaption class=\"wp-element-caption\">&#8230; und im Ziel<\/figcaption><\/figure>\n\n\n\n<figure class=\"wp-block-image size-large\"><img loading=\"lazy\" decoding=\"async\" width=\"1024\" height=\"683\" src=\"https:\/\/as-hh-nord.de\/wp-content\/uploads\/2023\/07\/20230702-Geesthacht03-1024x683.jpg\" alt=\"\" class=\"wp-image-1490\" srcset=\"https:\/\/as-hh-nord.de\/wp-content\/uploads\/2023\/07\/20230702-Geesthacht03-1024x683.jpg 1024w, https:\/\/as-hh-nord.de\/wp-content\/uploads\/2023\/07\/20230702-Geesthacht03-300x200.jpg 300w, https:\/\/as-hh-nord.de\/wp-content\/uploads\/2023\/07\/20230702-Geesthacht03-768x512.jpg 768w, https:\/\/as-hh-nord.de\/wp-content\/uploads\/2023\/07\/20230702-Geesthacht03-1536x1024.jpg 1536w, https:\/\/as-hh-nord.de\/wp-content\/uploads\/2023\/07\/20230702-Geesthacht03-2048x1365.jpg 2048w, https:\/\/as-hh-nord.de\/wp-content\/uploads\/2023\/07\/20230702-Geesthacht03-525x350.jpg 525w, https:\/\/as-hh-nord.de\/wp-content\/uploads\/2023\/07\/20230702-Geesthacht03-150x100.jpg 150w\" sizes=\"auto, (max-width: 1024px) 100vw, 1024px\" \/><figcaption class=\"wp-element-caption\">WL1 im Schweizer<\/figcaption><\/figure>\n\n\n\n<figure class=\"wp-block-image size-large\"><img loading=\"lazy\" decoding=\"async\" width=\"1024\" height=\"683\" src=\"https:\/\/as-hh-nord.de\/wp-content\/uploads\/2023\/07\/20230702-Geesthacht04-1024x683.jpg\" alt=\"\" class=\"wp-image-1491\" srcset=\"https:\/\/as-hh-nord.de\/wp-content\/uploads\/2023\/07\/20230702-Geesthacht04-1024x683.jpg 1024w, https:\/\/as-hh-nord.de\/wp-content\/uploads\/2023\/07\/20230702-Geesthacht04-300x200.jpg 300w, https:\/\/as-hh-nord.de\/wp-content\/uploads\/2023\/07\/20230702-Geesthacht04-768x512.jpg 768w, https:\/\/as-hh-nord.de\/wp-content\/uploads\/2023\/07\/20230702-Geesthacht04-1536x1024.jpg 1536w, https:\/\/as-hh-nord.de\/wp-content\/uploads\/2023\/07\/20230702-Geesthacht04-2048x1365.jpg 2048w, https:\/\/as-hh-nord.de\/wp-content\/uploads\/2023\/07\/20230702-Geesthacht04-525x350.jpg 525w, https:\/\/as-hh-nord.de\/wp-content\/uploads\/2023\/07\/20230702-Geesthacht04-150x100.jpg 150w\" sizes=\"auto, (max-width: 1024px) 100vw, 1024px\" \/><figcaption class=\"wp-element-caption\">Thomas im Scheitelpunkt der letzten Kurve<\/figcaption><\/figure>\n\n\n\n<figure class=\"wp-block-image size-large\"><img loading=\"lazy\" decoding=\"async\" width=\"1024\" height=\"683\" src=\"https:\/\/as-hh-nord.de\/wp-content\/uploads\/2023\/07\/20230702-Geesthacht05-1024x683.jpg\" alt=\"\" class=\"wp-image-1492\" srcset=\"https:\/\/as-hh-nord.de\/wp-content\/uploads\/2023\/07\/20230702-Geesthacht05-1024x683.jpg 1024w, https:\/\/as-hh-nord.de\/wp-content\/uploads\/2023\/07\/20230702-Geesthacht05-300x200.jpg 300w, https:\/\/as-hh-nord.de\/wp-content\/uploads\/2023\/07\/20230702-Geesthacht05-768x512.jpg 768w, https:\/\/as-hh-nord.de\/wp-content\/uploads\/2023\/07\/20230702-Geesthacht05-1536x1024.jpg 1536w, https:\/\/as-hh-nord.de\/wp-content\/uploads\/2023\/07\/20230702-Geesthacht05-2048x1365.jpg 2048w, https:\/\/as-hh-nord.de\/wp-content\/uploads\/2023\/07\/20230702-Geesthacht05-525x350.jpg 525w, https:\/\/as-hh-nord.de\/wp-content\/uploads\/2023\/07\/20230702-Geesthacht05-150x100.jpg 150w\" sizes=\"auto, (max-width: 1024px) 100vw, 1024px\" \/><figcaption class=\"wp-element-caption\">Reinhard an der gleichen Stelle<\/figcaption><\/figure>\n\n\n\n<figure class=\"wp-block-image size-large\"><img loading=\"lazy\" decoding=\"async\" width=\"1024\" height=\"683\" src=\"https:\/\/as-hh-nord.de\/wp-content\/uploads\/2023\/07\/20230702-Geesthacht06-1024x683.jpg\" alt=\"\" class=\"wp-image-1493\" srcset=\"https:\/\/as-hh-nord.de\/wp-content\/uploads\/2023\/07\/20230702-Geesthacht06-1024x683.jpg 1024w, https:\/\/as-hh-nord.de\/wp-content\/uploads\/2023\/07\/20230702-Geesthacht06-300x200.jpg 300w, https:\/\/as-hh-nord.de\/wp-content\/uploads\/2023\/07\/20230702-Geesthacht06-768x512.jpg 768w, https:\/\/as-hh-nord.de\/wp-content\/uploads\/2023\/07\/20230702-Geesthacht06-1536x1024.jpg 1536w, https:\/\/as-hh-nord.de\/wp-content\/uploads\/2023\/07\/20230702-Geesthacht06-2048x1365.jpg 2048w, https:\/\/as-hh-nord.de\/wp-content\/uploads\/2023\/07\/20230702-Geesthacht06-525x350.jpg 525w, https:\/\/as-hh-nord.de\/wp-content\/uploads\/2023\/07\/20230702-Geesthacht06-150x100.jpg 150w\" sizes=\"auto, (max-width: 1024px) 100vw, 1024px\" \/><figcaption class=\"wp-element-caption\">Thomas im letzten WL<\/figcaption><\/figure>\n\n\n\n<figure class=\"wp-block-image size-full\"><img decoding=\"async\" src=\"https:\/\/as-hh-nord.de\/wp-content\/uploads\/2023\/07\/20230702-Geesthacht07.jpg\" alt=\"\" class=\"wp-image-1494\"\/><figcaption class=\"wp-element-caption\">Reinhard zwei Kurven vorher<\/figcaption><\/figure>\n","protected":false},"excerpt":{"rendered":"<p>Thomas hatte sein Auto erst gar nicht abgeladen, denn einen Tag nach dem Travering war bereits in Geesthacht eine Doppelveranstaltung auf dem Kalender. Kurz nach ihm trafen Reinhard und Henrik ein. Die Wetterprognosen waren etwas kippelig, aber letztendlich blieb der ganze Sonntag regenfrei. Thomas und Reinhard fuhren vormittags in der&#8230; <a class=\"continue-reading-link\" href=\"https:\/\/as-hh-nord.de\/home\/2023\/07\/03\/2-7-2023-clubslalom-geesthacht\/\">mehr<\/a><\/p>\n","protected":false},"author":2,"featured_media":1490,"comment_status":"open","ping_status":"open","sticky":false,"template":"","format":"standard","meta":{"footnotes":""},"categories":[14,4],"tags":[],"class_list":["post-1487","post","type-post","status-publish","format-standard","has-post-thumbnail","hentry","category-clubslalom","category-slalom"],"yoast_head":"<!-- This site is optimized with the Yoast SEO plugin v27.5 - https:\/\/yoast.com\/product\/yoast-seo-wordpress\/ -->\n<title>2.7.2023 \u2013 Clubslalom Geesthacht - Automobilsport Hamburg-Nord e.V. im ADAC<\/title>\n<meta name=\"robots\" content=\"index, follow, max-snippet:-1, max-image-preview:large, max-video-preview:-1\" \/>\n<link rel=\"canonical\" href=\"https:\/\/as-hh-nord.de\/home\/2023\/07\/03\/2-7-2023-clubslalom-geesthacht\/\" \/>\n<meta property=\"og:locale\" content=\"de_DE\" \/>\n<meta property=\"og:type\" content=\"article\" \/>\n<meta property=\"og:title\" content=\"2.7.2023 \u2013 Clubslalom Geesthacht - Automobilsport Hamburg-Nord e.V. im ADAC\" \/>\n<meta property=\"og:description\" content=\"Thomas hatte sein Auto erst gar nicht abgeladen, denn einen Tag nach dem Travering war bereits in Geesthacht eine Doppelveranstaltung auf dem Kalender. Kurz nach ihm trafen Reinhard und Henrik ein. Die Wetterprognosen waren etwas kippelig, aber letztendlich blieb der ganze Sonntag regenfrei. Thomas und Reinhard fuhren vormittags in der... mehr\" \/>\n<meta property=\"og:url\" content=\"https:\/\/as-hh-nord.de\/home\/2023\/07\/03\/2-7-2023-clubslalom-geesthacht\/\" \/>\n<meta property=\"og:site_name\" content=\"Automobilsport Hamburg-Nord e.V. im ADAC\" \/>\n<meta property=\"article:published_time\" content=\"2023-07-03T10:44:38+00:00\" \/>\n<meta property=\"article:modified_time\" content=\"2023-07-03T10:44:39+00:00\" \/>\n<meta property=\"og:image\" content=\"https:\/\/as-hh-nord.de\/wp-content\/uploads\/2023\/07\/20230702-Geesthacht03-scaled.jpg\" \/>\n\t<meta property=\"og:image:width\" content=\"2560\" \/>\n\t<meta property=\"og:image:height\" content=\"1707\" \/>\n\t<meta property=\"og:image:type\" content=\"image\/jpeg\" \/>\n<meta name=\"author\" content=\"Reinhard Stoldt\" \/>\n<meta name=\"twitter:card\" content=\"summary_large_image\" \/>\n<meta name=\"twitter:label1\" content=\"Verfasst von\" \/>\n\t<meta name=\"twitter:data1\" content=\"Reinhard Stoldt\" \/>\n\t<meta name=\"twitter:label2\" content=\"Gesch\u00e4tzte Lesezeit\" \/>\n\t<meta name=\"twitter:data2\" content=\"2\u00a0Minuten\" \/>\n<script type=\"application\/ld+json\" class=\"yoast-schema-graph\">{\"@context\":\"https:\\\/\\\/schema.org\",\"@graph\":[{\"@type\":\"Article\",\"@id\":\"https:\\\/\\\/as-hh-nord.de\\\/home\\\/2023\\\/07\\\/03\\\/2-7-2023-clubslalom-geesthacht\\\/#article\",\"isPartOf\":{\"@id\":\"https:\\\/\\\/as-hh-nord.de\\\/home\\\/2023\\\/07\\\/03\\\/2-7-2023-clubslalom-geesthacht\\\/\"},\"author\":{\"name\":\"Reinhard Stoldt\",\"@id\":\"https:\\\/\\\/as-hh-nord.de\\\/home\\\/#\\\/schema\\\/person\\\/b39f77383e560a709fdae3435ff73c0f\"},\"headline\":\"2.7.2023 \u2013 Clubslalom Geesthacht\",\"datePublished\":\"2023-07-03T10:44:38+00:00\",\"dateModified\":\"2023-07-03T10:44:39+00:00\",\"mainEntityOfPage\":{\"@id\":\"https:\\\/\\\/as-hh-nord.de\\\/home\\\/2023\\\/07\\\/03\\\/2-7-2023-clubslalom-geesthacht\\\/\"},\"wordCount\":343,\"commentCount\":0,\"image\":{\"@id\":\"https:\\\/\\\/as-hh-nord.de\\\/home\\\/2023\\\/07\\\/03\\\/2-7-2023-clubslalom-geesthacht\\\/#primaryimage\"},\"thumbnailUrl\":\"https:\\\/\\\/as-hh-nord.de\\\/wp-content\\\/uploads\\\/2023\\\/07\\\/20230702-Geesthacht03-scaled.jpg\",\"articleSection\":[\"Clubslalom\",\"Slalom\"],\"inLanguage\":\"de\",\"potentialAction\":[{\"@type\":\"CommentAction\",\"name\":\"Comment\",\"target\":[\"https:\\\/\\\/as-hh-nord.de\\\/home\\\/2023\\\/07\\\/03\\\/2-7-2023-clubslalom-geesthacht\\\/#respond\"]}]},{\"@type\":\"WebPage\",\"@id\":\"https:\\\/\\\/as-hh-nord.de\\\/home\\\/2023\\\/07\\\/03\\\/2-7-2023-clubslalom-geesthacht\\\/\",\"url\":\"https:\\\/\\\/as-hh-nord.de\\\/home\\\/2023\\\/07\\\/03\\\/2-7-2023-clubslalom-geesthacht\\\/\",\"name\":\"2.7.2023 \u2013 Clubslalom Geesthacht - Automobilsport Hamburg-Nord e.V. im ADAC\",\"isPartOf\":{\"@id\":\"https:\\\/\\\/as-hh-nord.de\\\/home\\\/#website\"},\"primaryImageOfPage\":{\"@id\":\"https:\\\/\\\/as-hh-nord.de\\\/home\\\/2023\\\/07\\\/03\\\/2-7-2023-clubslalom-geesthacht\\\/#primaryimage\"},\"image\":{\"@id\":\"https:\\\/\\\/as-hh-nord.de\\\/home\\\/2023\\\/07\\\/03\\\/2-7-2023-clubslalom-geesthacht\\\/#primaryimage\"},\"thumbnailUrl\":\"https:\\\/\\\/as-hh-nord.de\\\/wp-content\\\/uploads\\\/2023\\\/07\\\/20230702-Geesthacht03-scaled.jpg\",\"datePublished\":\"2023-07-03T10:44:38+00:00\",\"dateModified\":\"2023-07-03T10:44:39+00:00\",\"author\":{\"@id\":\"https:\\\/\\\/as-hh-nord.de\\\/home\\\/#\\\/schema\\\/person\\\/b39f77383e560a709fdae3435ff73c0f\"},\"breadcrumb\":{\"@id\":\"https:\\\/\\\/as-hh-nord.de\\\/home\\\/2023\\\/07\\\/03\\\/2-7-2023-clubslalom-geesthacht\\\/#breadcrumb\"},\"inLanguage\":\"de\",\"potentialAction\":[{\"@type\":\"ReadAction\",\"target\":[\"https:\\\/\\\/as-hh-nord.de\\\/home\\\/2023\\\/07\\\/03\\\/2-7-2023-clubslalom-geesthacht\\\/\"]}]},{\"@type\":\"ImageObject\",\"inLanguage\":\"de\",\"@id\":\"https:\\\/\\\/as-hh-nord.de\\\/home\\\/2023\\\/07\\\/03\\\/2-7-2023-clubslalom-geesthacht\\\/#primaryimage\",\"url\":\"https:\\\/\\\/as-hh-nord.de\\\/wp-content\\\/uploads\\\/2023\\\/07\\\/20230702-Geesthacht03-scaled.jpg\",\"contentUrl\":\"https:\\\/\\\/as-hh-nord.de\\\/wp-content\\\/uploads\\\/2023\\\/07\\\/20230702-Geesthacht03-scaled.jpg\",\"width\":2560,\"height\":1707,\"caption\":\"WL1 im Schweizer\"},{\"@type\":\"BreadcrumbList\",\"@id\":\"https:\\\/\\\/as-hh-nord.de\\\/home\\\/2023\\\/07\\\/03\\\/2-7-2023-clubslalom-geesthacht\\\/#breadcrumb\",\"itemListElement\":[{\"@type\":\"ListItem\",\"position\":1,\"name\":\"Startseite\",\"item\":\"https:\\\/\\\/as-hh-nord.de\\\/home\\\/\"},{\"@type\":\"ListItem\",\"position\":2,\"name\":\"2.7.2023 \u2013 Clubslalom Geesthacht\"}]},{\"@type\":\"WebSite\",\"@id\":\"https:\\\/\\\/as-hh-nord.de\\\/home\\\/#website\",\"url\":\"https:\\\/\\\/as-hh-nord.de\\\/home\\\/\",\"name\":\"Automobilsport Hamburg-Nord e.V. im ADAC\",\"description\":\"\",\"potentialAction\":[{\"@type\":\"SearchAction\",\"target\":{\"@type\":\"EntryPoint\",\"urlTemplate\":\"https:\\\/\\\/as-hh-nord.de\\\/home\\\/?s={search_term_string}\"},\"query-input\":{\"@type\":\"PropertyValueSpecification\",\"valueRequired\":true,\"valueName\":\"search_term_string\"}}],\"inLanguage\":\"de\"},{\"@type\":\"Person\",\"@id\":\"https:\\\/\\\/as-hh-nord.de\\\/home\\\/#\\\/schema\\\/person\\\/b39f77383e560a709fdae3435ff73c0f\",\"name\":\"Reinhard Stoldt\",\"image\":{\"@type\":\"ImageObject\",\"inLanguage\":\"de\",\"@id\":\"https:\\\/\\\/secure.gravatar.com\\\/avatar\\\/5e8e6842f9b215f30012b87b27c7eafe610cd3acd485b024feb3a1d5b48c0a70?s=96&d=mm&r=g\",\"url\":\"https:\\\/\\\/secure.gravatar.com\\\/avatar\\\/5e8e6842f9b215f30012b87b27c7eafe610cd3acd485b024feb3a1d5b48c0a70?s=96&d=mm&r=g\",\"contentUrl\":\"https:\\\/\\\/secure.gravatar.com\\\/avatar\\\/5e8e6842f9b215f30012b87b27c7eafe610cd3acd485b024feb3a1d5b48c0a70?s=96&d=mm&r=g\",\"caption\":\"Reinhard Stoldt\"},\"url\":\"https:\\\/\\\/as-hh-nord.de\\\/home\\\/author\\\/reinhard-stoldt\\\/\"}]}<\/script>\n<!-- \/ Yoast SEO plugin. -->","yoast_head_json":{"title":"2.7.2023 \u2013 Clubslalom Geesthacht - Automobilsport Hamburg-Nord e.V. im ADAC","robots":{"index":"index","follow":"follow","max-snippet":"max-snippet:-1","max-image-preview":"max-image-preview:large","max-video-preview":"max-video-preview:-1"},"canonical":"https:\/\/as-hh-nord.de\/home\/2023\/07\/03\/2-7-2023-clubslalom-geesthacht\/","og_locale":"de_DE","og_type":"article","og_title":"2.7.2023 \u2013 Clubslalom Geesthacht - Automobilsport Hamburg-Nord e.V. im ADAC","og_description":"Thomas hatte sein Auto erst gar nicht abgeladen, denn einen Tag nach dem Travering war bereits in Geesthacht eine Doppelveranstaltung auf dem Kalender. Kurz nach ihm trafen Reinhard und Henrik ein. Die Wetterprognosen waren etwas kippelig, aber letztendlich blieb der ganze Sonntag regenfrei. Thomas und Reinhard fuhren vormittags in der... mehr","og_url":"https:\/\/as-hh-nord.de\/home\/2023\/07\/03\/2-7-2023-clubslalom-geesthacht\/","og_site_name":"Automobilsport Hamburg-Nord e.V. im ADAC","article_published_time":"2023-07-03T10:44:38+00:00","article_modified_time":"2023-07-03T10:44:39+00:00","og_image":[{"width":2560,"height":1707,"url":"https:\/\/as-hh-nord.de\/wp-content\/uploads\/2023\/07\/20230702-Geesthacht03-scaled.jpg","type":"image\/jpeg"}],"author":"Reinhard Stoldt","twitter_card":"summary_large_image","twitter_misc":{"Verfasst von":"Reinhard Stoldt","Gesch\u00e4tzte Lesezeit":"2\u00a0Minuten"},"schema":{"@context":"https:\/\/schema.org","@graph":[{"@type":"Article","@id":"https:\/\/as-hh-nord.de\/home\/2023\/07\/03\/2-7-2023-clubslalom-geesthacht\/#article","isPartOf":{"@id":"https:\/\/as-hh-nord.de\/home\/2023\/07\/03\/2-7-2023-clubslalom-geesthacht\/"},"author":{"name":"Reinhard Stoldt","@id":"https:\/\/as-hh-nord.de\/home\/#\/schema\/person\/b39f77383e560a709fdae3435ff73c0f"},"headline":"2.7.2023 \u2013 Clubslalom Geesthacht","datePublished":"2023-07-03T10:44:38+00:00","dateModified":"2023-07-03T10:44:39+00:00","mainEntityOfPage":{"@id":"https:\/\/as-hh-nord.de\/home\/2023\/07\/03\/2-7-2023-clubslalom-geesthacht\/"},"wordCount":343,"commentCount":0,"image":{"@id":"https:\/\/as-hh-nord.de\/home\/2023\/07\/03\/2-7-2023-clubslalom-geesthacht\/#primaryimage"},"thumbnailUrl":"https:\/\/as-hh-nord.de\/wp-content\/uploads\/2023\/07\/20230702-Geesthacht03-scaled.jpg","articleSection":["Clubslalom","Slalom"],"inLanguage":"de","potentialAction":[{"@type":"CommentAction","name":"Comment","target":["https:\/\/as-hh-nord.de\/home\/2023\/07\/03\/2-7-2023-clubslalom-geesthacht\/#respond"]}]},{"@type":"WebPage","@id":"https:\/\/as-hh-nord.de\/home\/2023\/07\/03\/2-7-2023-clubslalom-geesthacht\/","url":"https:\/\/as-hh-nord.de\/home\/2023\/07\/03\/2-7-2023-clubslalom-geesthacht\/","name":"2.7.2023 \u2013 Clubslalom Geesthacht - Automobilsport Hamburg-Nord e.V. im ADAC","isPartOf":{"@id":"https:\/\/as-hh-nord.de\/home\/#website"},"primaryImageOfPage":{"@id":"https:\/\/as-hh-nord.de\/home\/2023\/07\/03\/2-7-2023-clubslalom-geesthacht\/#primaryimage"},"image":{"@id":"https:\/\/as-hh-nord.de\/home\/2023\/07\/03\/2-7-2023-clubslalom-geesthacht\/#primaryimage"},"thumbnailUrl":"https:\/\/as-hh-nord.de\/wp-content\/uploads\/2023\/07\/20230702-Geesthacht03-scaled.jpg","datePublished":"2023-07-03T10:44:38+00:00","dateModified":"2023-07-03T10:44:39+00:00","author":{"@id":"https:\/\/as-hh-nord.de\/home\/#\/schema\/person\/b39f77383e560a709fdae3435ff73c0f"},"breadcrumb":{"@id":"https:\/\/as-hh-nord.de\/home\/2023\/07\/03\/2-7-2023-clubslalom-geesthacht\/#breadcrumb"},"inLanguage":"de","potentialAction":[{"@type":"ReadAction","target":["https:\/\/as-hh-nord.de\/home\/2023\/07\/03\/2-7-2023-clubslalom-geesthacht\/"]}]},{"@type":"ImageObject","inLanguage":"de","@id":"https:\/\/as-hh-nord.de\/home\/2023\/07\/03\/2-7-2023-clubslalom-geesthacht\/#primaryimage","url":"https:\/\/as-hh-nord.de\/wp-content\/uploads\/2023\/07\/20230702-Geesthacht03-scaled.jpg","contentUrl":"https:\/\/as-hh-nord.de\/wp-content\/uploads\/2023\/07\/20230702-Geesthacht03-scaled.jpg","width":2560,"height":1707,"caption":"WL1 im Schweizer"},{"@type":"BreadcrumbList","@id":"https:\/\/as-hh-nord.de\/home\/2023\/07\/03\/2-7-2023-clubslalom-geesthacht\/#breadcrumb","itemListElement":[{"@type":"ListItem","position":1,"name":"Startseite","item":"https:\/\/as-hh-nord.de\/home\/"},{"@type":"ListItem","position":2,"name":"2.7.2023 \u2013 Clubslalom Geesthacht"}]},{"@type":"WebSite","@id":"https:\/\/as-hh-nord.de\/home\/#website","url":"https:\/\/as-hh-nord.de\/home\/","name":"Automobilsport Hamburg-Nord e.V. im ADAC","description":"","potentialAction":[{"@type":"SearchAction","target":{"@type":"EntryPoint","urlTemplate":"https:\/\/as-hh-nord.de\/home\/?s={search_term_string}"},"query-input":{"@type":"PropertyValueSpecification","valueRequired":true,"valueName":"search_term_string"}}],"inLanguage":"de"},{"@type":"Person","@id":"https:\/\/as-hh-nord.de\/home\/#\/schema\/person\/b39f77383e560a709fdae3435ff73c0f","name":"Reinhard Stoldt","image":{"@type":"ImageObject","inLanguage":"de","@id":"https:\/\/secure.gravatar.com\/avatar\/5e8e6842f9b215f30012b87b27c7eafe610cd3acd485b024feb3a1d5b48c0a70?s=96&d=mm&r=g","url":"https:\/\/secure.gravatar.com\/avatar\/5e8e6842f9b215f30012b87b27c7eafe610cd3acd485b024feb3a1d5b48c0a70?s=96&d=mm&r=g","contentUrl":"https:\/\/secure.gravatar.com\/avatar\/5e8e6842f9b215f30012b87b27c7eafe610cd3acd485b024feb3a1d5b48c0a70?s=96&d=mm&r=g","caption":"Reinhard Stoldt"},"url":"https:\/\/as-hh-nord.de\/home\/author\/reinhard-stoldt\/"}]}},"_links":{"self":[{"href":"https:\/\/as-hh-nord.de\/home\/wp-json\/wp\/v2\/posts\/1487","targetHints":{"allow":["GET"]}}],"collection":[{"href":"https:\/\/as-hh-nord.de\/home\/wp-json\/wp\/v2\/posts"}],"about":[{"href":"https:\/\/as-hh-nord.de\/home\/wp-json\/wp\/v2\/types\/post"}],"author":[{"embeddable":true,"href":"https:\/\/as-hh-nord.de\/home\/wp-json\/wp\/v2\/users\/2"}],"replies":[{"embeddable":true,"href":"https:\/\/as-hh-nord.de\/home\/wp-json\/wp\/v2\/comments?post=1487"}],"version-history":[{"count":1,"href":"https:\/\/as-hh-nord.de\/home\/wp-json\/wp\/v2\/posts\/1487\/revisions"}],"predecessor-version":[{"id":1496,"href":"https:\/\/as-hh-nord.de\/home\/wp-json\/wp\/v2\/posts\/1487\/revisions\/1496"}],"wp:featuredmedia":[{"embeddable":true,"href":"https:\/\/as-hh-nord.de\/home\/wp-json\/wp\/v2\/media\/1490"}],"wp:attachment":[{"href":"https:\/\/as-hh-nord.de\/home\/wp-json\/wp\/v2\/media?parent=1487"}],"wp:term":[{"taxonomy":"category","embeddable":true,"href":"https:\/\/as-hh-nord.de\/home\/wp-json\/wp\/v2\/categories?post=1487"},{"taxonomy":"post_tag","embeddable":true,"href":"https:\/\/as-hh-nord.de\/home\/wp-json\/wp\/v2\/tags?post=1487"}],"curies":[{"name":"wp","href":"https:\/\/api.w.org\/{rel}","templated":true}]}}