{"id":1042,"date":"2017-10-28T11:12:00","date_gmt":"2017-10-28T09:12:00","guid":{"rendered":"https:\/\/as-hh-nord.de\/home\/?p=1042"},"modified":"2022-03-20T11:13:41","modified_gmt":"2022-03-20T10:13:41","slug":"28-10-2017-slalom-oschersleben","status":"publish","type":"post","link":"https:\/\/as-hh-nord.de\/home\/2017\/10\/28\/28-10-2017-slalom-oschersleben\/","title":{"rendered":"28.10.2017 \u2013 Slalom Oschersleben"},"content":{"rendered":"\n<p>Zum Abschluss der Slalomsaison sind Henrik und Falk beim l\u00e4ngsten Slalom der Republik in Oschersleben gestartet. Die Vormittagsveranstaltung war als Ersatzlauf in die Hansa-Meisterschaft einger\u00fcckt und ist mit knapp 5 km L\u00e4nge (2 Runden B-Kurs) ein echtes Sahnest\u00fcck. Nachmittags lag dann noch ein 2 km Slalom an, eine Runde B-Kurs ohne Start-Ziel-Gerade. Die beiden traten in der F9 an, die mit 14 Teilnehmern die gr\u00f6\u00dfte Klasse der Veranstaltung war.<\/p>\n\n\n\n<p>Von Anfang an hatten die beiden Grip-Probleme. Der Mazda war auf der Hinterachse sehr nerv\u00f6s und das Heck wollte immer schneller voran als die Front. Falk legte dadurch im Training einen sauberen Dreher hin, der ihn vor der Hasser\u00f6der auf den Rasen bef\u00f6rderte. Gl\u00fccklicherweise kam er kurz vor der Leitplanke zum Halten. Henrik fehlten ein paar Sekunden auf den Sieger Carsten Diercks und er konnte sich mit gerade einmal 2 Zehnteln Vorsprung vor Marco Sander ins Ziel retten. Falk steckte sein Dreher noch in den Knochen und er lief auf Platz 7 ein.<\/p>\n\n\n\n<p>Bei der Nachmittagsveranstaltung dann ein \u00e4hnliches Bild, nur dass jetzt noch 9 Teilnehmer in der Klasse antraten. Henrik fuhr diesmal volle Attacke, aber es widersetzte sich in beiden Wertungsl\u00e4ufen immer die gleiche Pylone seinen Umrundungsversuchen. In WL1 lie\u00df er sie einfach aus und in WL2 kickte er sie fort. Mit seinen satten 18 Sekunden Strafzeit kam er noch auf den vorletzten Platz. Falk fuhr ohne Pylonenfehler und konnte sich nach deutlicher Steigerung im letzten WL noch auf Platz 4 vorarbeiten.<\/p>\n\n\n\n<p>Beim Entladen des Materials am Sonntag nach der Veranstaltung lag dann auch der Grund f\u00fcr die Grip-Probleme offen. Das rechte Hinterrad hatte schon L\u00f6cher in der Lauffl\u00e4che, durch die die Karkasse zum Vorschein kam und der linke Reifen sah auch nicht viel besser aus, ebenfalls \u00fcberreif f\u00fcr den M\u00fcll.<\/p>\n","protected":false},"excerpt":{"rendered":"<p>Zum Abschluss der Slalomsaison sind Henrik und Falk beim l\u00e4ngsten Slalom der Republik in Oschersleben gestartet. Die Vormittagsveranstaltung war als Ersatzlauf in die Hansa-Meisterschaft einger\u00fcckt und ist mit knapp 5 km L\u00e4nge (2 Runden B-Kurs) ein echtes Sahnest\u00fcck. Nachmittags lag dann noch ein 2 km Slalom an, eine Runde B-Kurs&#8230; <a class=\"continue-reading-link\" href=\"https:\/\/as-hh-nord.de\/home\/2017\/10\/28\/28-10-2017-slalom-oschersleben\/\">mehr<\/a><\/p>\n","protected":false},"author":2,"featured_media":0,"comment_status":"open","ping_status":"open","sticky":false,"template":"","format":"standard","meta":{"footnotes":""},"categories":[13,4],"tags":[],"class_list":["post-1042","post","type-post","status-publish","format-standard","hentry","category-a-slalom","category-slalom"],"yoast_head":"<!-- This site is optimized with the Yoast SEO plugin v27.5 - https:\/\/yoast.com\/product\/yoast-seo-wordpress\/ -->\n<title>28.10.2017 \u2013 Slalom Oschersleben - Automobilsport Hamburg-Nord e.V. im ADAC<\/title>\n<meta name=\"robots\" content=\"index, follow, max-snippet:-1, max-image-preview:large, max-video-preview:-1\" \/>\n<link rel=\"canonical\" href=\"https:\/\/as-hh-nord.de\/home\/2017\/10\/28\/28-10-2017-slalom-oschersleben\/\" \/>\n<meta property=\"og:locale\" content=\"de_DE\" \/>\n<meta property=\"og:type\" content=\"article\" \/>\n<meta property=\"og:title\" content=\"28.10.2017 \u2013 Slalom Oschersleben - Automobilsport Hamburg-Nord e.V. im ADAC\" \/>\n<meta property=\"og:description\" content=\"Zum Abschluss der Slalomsaison sind Henrik und Falk beim l\u00e4ngsten Slalom der Republik in Oschersleben gestartet. Die Vormittagsveranstaltung war als Ersatzlauf in die Hansa-Meisterschaft einger\u00fcckt und ist mit knapp 5 km L\u00e4nge (2 Runden B-Kurs) ein echtes Sahnest\u00fcck. Nachmittags lag dann noch ein 2 km Slalom an, eine Runde B-Kurs... mehr\" \/>\n<meta property=\"og:url\" content=\"https:\/\/as-hh-nord.de\/home\/2017\/10\/28\/28-10-2017-slalom-oschersleben\/\" \/>\n<meta property=\"og:site_name\" content=\"Automobilsport Hamburg-Nord e.V. im ADAC\" \/>\n<meta property=\"article:published_time\" content=\"2017-10-28T09:12:00+00:00\" \/>\n<meta property=\"article:modified_time\" content=\"2022-03-20T10:13:41+00:00\" \/>\n<meta name=\"author\" content=\"Reinhard Stoldt\" \/>\n<meta name=\"twitter:card\" content=\"summary_large_image\" \/>\n<meta name=\"twitter:label1\" content=\"Verfasst von\" \/>\n\t<meta name=\"twitter:data1\" content=\"Reinhard Stoldt\" \/>\n\t<meta name=\"twitter:label2\" content=\"Gesch\u00e4tzte Lesezeit\" \/>\n\t<meta name=\"twitter:data2\" content=\"2\u00a0Minuten\" \/>\n<script type=\"application\/ld+json\" class=\"yoast-schema-graph\">{\"@context\":\"https:\\\/\\\/schema.org\",\"@graph\":[{\"@type\":\"Article\",\"@id\":\"https:\\\/\\\/as-hh-nord.de\\\/home\\\/2017\\\/10\\\/28\\\/28-10-2017-slalom-oschersleben\\\/#article\",\"isPartOf\":{\"@id\":\"https:\\\/\\\/as-hh-nord.de\\\/home\\\/2017\\\/10\\\/28\\\/28-10-2017-slalom-oschersleben\\\/\"},\"author\":{\"name\":\"Reinhard Stoldt\",\"@id\":\"https:\\\/\\\/as-hh-nord.de\\\/home\\\/#\\\/schema\\\/person\\\/b39f77383e560a709fdae3435ff73c0f\"},\"headline\":\"28.10.2017 \u2013 Slalom Oschersleben\",\"datePublished\":\"2017-10-28T09:12:00+00:00\",\"dateModified\":\"2022-03-20T10:13:41+00:00\",\"mainEntityOfPage\":{\"@id\":\"https:\\\/\\\/as-hh-nord.de\\\/home\\\/2017\\\/10\\\/28\\\/28-10-2017-slalom-oschersleben\\\/\"},\"wordCount\":299,\"commentCount\":0,\"articleSection\":[\"A-Slalom\",\"Slalom\"],\"inLanguage\":\"de\",\"potentialAction\":[{\"@type\":\"CommentAction\",\"name\":\"Comment\",\"target\":[\"https:\\\/\\\/as-hh-nord.de\\\/home\\\/2017\\\/10\\\/28\\\/28-10-2017-slalom-oschersleben\\\/#respond\"]}]},{\"@type\":\"WebPage\",\"@id\":\"https:\\\/\\\/as-hh-nord.de\\\/home\\\/2017\\\/10\\\/28\\\/28-10-2017-slalom-oschersleben\\\/\",\"url\":\"https:\\\/\\\/as-hh-nord.de\\\/home\\\/2017\\\/10\\\/28\\\/28-10-2017-slalom-oschersleben\\\/\",\"name\":\"28.10.2017 \u2013 Slalom Oschersleben - Automobilsport Hamburg-Nord e.V. im ADAC\",\"isPartOf\":{\"@id\":\"https:\\\/\\\/as-hh-nord.de\\\/home\\\/#website\"},\"datePublished\":\"2017-10-28T09:12:00+00:00\",\"dateModified\":\"2022-03-20T10:13:41+00:00\",\"author\":{\"@id\":\"https:\\\/\\\/as-hh-nord.de\\\/home\\\/#\\\/schema\\\/person\\\/b39f77383e560a709fdae3435ff73c0f\"},\"breadcrumb\":{\"@id\":\"https:\\\/\\\/as-hh-nord.de\\\/home\\\/2017\\\/10\\\/28\\\/28-10-2017-slalom-oschersleben\\\/#breadcrumb\"},\"inLanguage\":\"de\",\"potentialAction\":[{\"@type\":\"ReadAction\",\"target\":[\"https:\\\/\\\/as-hh-nord.de\\\/home\\\/2017\\\/10\\\/28\\\/28-10-2017-slalom-oschersleben\\\/\"]}]},{\"@type\":\"BreadcrumbList\",\"@id\":\"https:\\\/\\\/as-hh-nord.de\\\/home\\\/2017\\\/10\\\/28\\\/28-10-2017-slalom-oschersleben\\\/#breadcrumb\",\"itemListElement\":[{\"@type\":\"ListItem\",\"position\":1,\"name\":\"Startseite\",\"item\":\"https:\\\/\\\/as-hh-nord.de\\\/home\\\/\"},{\"@type\":\"ListItem\",\"position\":2,\"name\":\"28.10.2017 \u2013 Slalom Oschersleben\"}]},{\"@type\":\"WebSite\",\"@id\":\"https:\\\/\\\/as-hh-nord.de\\\/home\\\/#website\",\"url\":\"https:\\\/\\\/as-hh-nord.de\\\/home\\\/\",\"name\":\"Automobilsport Hamburg-Nord e.V. im ADAC\",\"description\":\"\",\"potentialAction\":[{\"@type\":\"SearchAction\",\"target\":{\"@type\":\"EntryPoint\",\"urlTemplate\":\"https:\\\/\\\/as-hh-nord.de\\\/home\\\/?s={search_term_string}\"},\"query-input\":{\"@type\":\"PropertyValueSpecification\",\"valueRequired\":true,\"valueName\":\"search_term_string\"}}],\"inLanguage\":\"de\"},{\"@type\":\"Person\",\"@id\":\"https:\\\/\\\/as-hh-nord.de\\\/home\\\/#\\\/schema\\\/person\\\/b39f77383e560a709fdae3435ff73c0f\",\"name\":\"Reinhard Stoldt\",\"image\":{\"@type\":\"ImageObject\",\"inLanguage\":\"de\",\"@id\":\"https:\\\/\\\/secure.gravatar.com\\\/avatar\\\/5e8e6842f9b215f30012b87b27c7eafe610cd3acd485b024feb3a1d5b48c0a70?s=96&d=mm&r=g\",\"url\":\"https:\\\/\\\/secure.gravatar.com\\\/avatar\\\/5e8e6842f9b215f30012b87b27c7eafe610cd3acd485b024feb3a1d5b48c0a70?s=96&d=mm&r=g\",\"contentUrl\":\"https:\\\/\\\/secure.gravatar.com\\\/avatar\\\/5e8e6842f9b215f30012b87b27c7eafe610cd3acd485b024feb3a1d5b48c0a70?s=96&d=mm&r=g\",\"caption\":\"Reinhard Stoldt\"},\"url\":\"https:\\\/\\\/as-hh-nord.de\\\/home\\\/author\\\/reinhard-stoldt\\\/\"}]}<\/script>\n<!-- \/ Yoast SEO plugin. -->","yoast_head_json":{"title":"28.10.2017 \u2013 Slalom Oschersleben - Automobilsport Hamburg-Nord e.V. im ADAC","robots":{"index":"index","follow":"follow","max-snippet":"max-snippet:-1","max-image-preview":"max-image-preview:large","max-video-preview":"max-video-preview:-1"},"canonical":"https:\/\/as-hh-nord.de\/home\/2017\/10\/28\/28-10-2017-slalom-oschersleben\/","og_locale":"de_DE","og_type":"article","og_title":"28.10.2017 \u2013 Slalom Oschersleben - Automobilsport Hamburg-Nord e.V. im ADAC","og_description":"Zum Abschluss der Slalomsaison sind Henrik und Falk beim l\u00e4ngsten Slalom der Republik in Oschersleben gestartet. Die Vormittagsveranstaltung war als Ersatzlauf in die Hansa-Meisterschaft einger\u00fcckt und ist mit knapp 5 km L\u00e4nge (2 Runden B-Kurs) ein echtes Sahnest\u00fcck. Nachmittags lag dann noch ein 2 km Slalom an, eine Runde B-Kurs... mehr","og_url":"https:\/\/as-hh-nord.de\/home\/2017\/10\/28\/28-10-2017-slalom-oschersleben\/","og_site_name":"Automobilsport Hamburg-Nord e.V. im ADAC","article_published_time":"2017-10-28T09:12:00+00:00","article_modified_time":"2022-03-20T10:13:41+00:00","author":"Reinhard Stoldt","twitter_card":"summary_large_image","twitter_misc":{"Verfasst von":"Reinhard Stoldt","Gesch\u00e4tzte Lesezeit":"2\u00a0Minuten"},"schema":{"@context":"https:\/\/schema.org","@graph":[{"@type":"Article","@id":"https:\/\/as-hh-nord.de\/home\/2017\/10\/28\/28-10-2017-slalom-oschersleben\/#article","isPartOf":{"@id":"https:\/\/as-hh-nord.de\/home\/2017\/10\/28\/28-10-2017-slalom-oschersleben\/"},"author":{"name":"Reinhard Stoldt","@id":"https:\/\/as-hh-nord.de\/home\/#\/schema\/person\/b39f77383e560a709fdae3435ff73c0f"},"headline":"28.10.2017 \u2013 Slalom Oschersleben","datePublished":"2017-10-28T09:12:00+00:00","dateModified":"2022-03-20T10:13:41+00:00","mainEntityOfPage":{"@id":"https:\/\/as-hh-nord.de\/home\/2017\/10\/28\/28-10-2017-slalom-oschersleben\/"},"wordCount":299,"commentCount":0,"articleSection":["A-Slalom","Slalom"],"inLanguage":"de","potentialAction":[{"@type":"CommentAction","name":"Comment","target":["https:\/\/as-hh-nord.de\/home\/2017\/10\/28\/28-10-2017-slalom-oschersleben\/#respond"]}]},{"@type":"WebPage","@id":"https:\/\/as-hh-nord.de\/home\/2017\/10\/28\/28-10-2017-slalom-oschersleben\/","url":"https:\/\/as-hh-nord.de\/home\/2017\/10\/28\/28-10-2017-slalom-oschersleben\/","name":"28.10.2017 \u2013 Slalom Oschersleben - Automobilsport Hamburg-Nord e.V. im ADAC","isPartOf":{"@id":"https:\/\/as-hh-nord.de\/home\/#website"},"datePublished":"2017-10-28T09:12:00+00:00","dateModified":"2022-03-20T10:13:41+00:00","author":{"@id":"https:\/\/as-hh-nord.de\/home\/#\/schema\/person\/b39f77383e560a709fdae3435ff73c0f"},"breadcrumb":{"@id":"https:\/\/as-hh-nord.de\/home\/2017\/10\/28\/28-10-2017-slalom-oschersleben\/#breadcrumb"},"inLanguage":"de","potentialAction":[{"@type":"ReadAction","target":["https:\/\/as-hh-nord.de\/home\/2017\/10\/28\/28-10-2017-slalom-oschersleben\/"]}]},{"@type":"BreadcrumbList","@id":"https:\/\/as-hh-nord.de\/home\/2017\/10\/28\/28-10-2017-slalom-oschersleben\/#breadcrumb","itemListElement":[{"@type":"ListItem","position":1,"name":"Startseite","item":"https:\/\/as-hh-nord.de\/home\/"},{"@type":"ListItem","position":2,"name":"28.10.2017 \u2013 Slalom Oschersleben"}]},{"@type":"WebSite","@id":"https:\/\/as-hh-nord.de\/home\/#website","url":"https:\/\/as-hh-nord.de\/home\/","name":"Automobilsport Hamburg-Nord e.V. im ADAC","description":"","potentialAction":[{"@type":"SearchAction","target":{"@type":"EntryPoint","urlTemplate":"https:\/\/as-hh-nord.de\/home\/?s={search_term_string}"},"query-input":{"@type":"PropertyValueSpecification","valueRequired":true,"valueName":"search_term_string"}}],"inLanguage":"de"},{"@type":"Person","@id":"https:\/\/as-hh-nord.de\/home\/#\/schema\/person\/b39f77383e560a709fdae3435ff73c0f","name":"Reinhard Stoldt","image":{"@type":"ImageObject","inLanguage":"de","@id":"https:\/\/secure.gravatar.com\/avatar\/5e8e6842f9b215f30012b87b27c7eafe610cd3acd485b024feb3a1d5b48c0a70?s=96&d=mm&r=g","url":"https:\/\/secure.gravatar.com\/avatar\/5e8e6842f9b215f30012b87b27c7eafe610cd3acd485b024feb3a1d5b48c0a70?s=96&d=mm&r=g","contentUrl":"https:\/\/secure.gravatar.com\/avatar\/5e8e6842f9b215f30012b87b27c7eafe610cd3acd485b024feb3a1d5b48c0a70?s=96&d=mm&r=g","caption":"Reinhard Stoldt"},"url":"https:\/\/as-hh-nord.de\/home\/author\/reinhard-stoldt\/"}]}},"_links":{"self":[{"href":"https:\/\/as-hh-nord.de\/home\/wp-json\/wp\/v2\/posts\/1042","targetHints":{"allow":["GET"]}}],"collection":[{"href":"https:\/\/as-hh-nord.de\/home\/wp-json\/wp\/v2\/posts"}],"about":[{"href":"https:\/\/as-hh-nord.de\/home\/wp-json\/wp\/v2\/types\/post"}],"author":[{"embeddable":true,"href":"https:\/\/as-hh-nord.de\/home\/wp-json\/wp\/v2\/users\/2"}],"replies":[{"embeddable":true,"href":"https:\/\/as-hh-nord.de\/home\/wp-json\/wp\/v2\/comments?post=1042"}],"version-history":[{"count":1,"href":"https:\/\/as-hh-nord.de\/home\/wp-json\/wp\/v2\/posts\/1042\/revisions"}],"predecessor-version":[{"id":1043,"href":"https:\/\/as-hh-nord.de\/home\/wp-json\/wp\/v2\/posts\/1042\/revisions\/1043"}],"wp:attachment":[{"href":"https:\/\/as-hh-nord.de\/home\/wp-json\/wp\/v2\/media?parent=1042"}],"wp:term":[{"taxonomy":"category","embeddable":true,"href":"https:\/\/as-hh-nord.de\/home\/wp-json\/wp\/v2\/categories?post=1042"},{"taxonomy":"post_tag","embeddable":true,"href":"https:\/\/as-hh-nord.de\/home\/wp-json\/wp\/v2\/tags?post=1042"}],"curies":[{"name":"wp","href":"https:\/\/api.w.org\/{rel}","templated":true}]}}