{"id":1027,"date":"2017-08-13T11:02:00","date_gmt":"2017-08-13T09:02:00","guid":{"rendered":"https:\/\/as-hh-nord.de\/home\/?p=1027"},"modified":"2022-03-20T11:05:38","modified_gmt":"2022-03-20T10:05:38","slug":"12-13-8-2017-slalom-weekend-ahlhorn","status":"publish","type":"post","link":"https:\/\/as-hh-nord.de\/home\/2017\/08\/13\/12-13-8-2017-slalom-weekend-ahlhorn\/","title":{"rendered":"12.\/13.8.2017 \u2013 Slalom-Weekend Ahlhorn"},"content":{"rendered":"\n<p>Das zweite August-Wochenende f\u00fchrte unsere Fahrer zur Veranstaltung von MSCO und AC Bramsche in Ahlhorn. Am Samstag standen zwei Clubslaloms und am Sonntag ein A-Slalom auf dem Programm.<\/p>\n\n\n\n<p>Am Samstag vor dem A-Slalom wurde der Mazda und der Logan auf Slicks umger\u00fcstet, beim Clubslalom hatten sie noch Semislicks auf den Felgen. Nach der Umr\u00fcstung begaben sich Henrik und Reinhard ins Hotel, w\u00e4hrend erst am Sonntag in der Fr\u00fch Falk zur Truppe stie\u00df. Adrian hatte schon daf\u00fcr gesorgt, dass er nicht verschl\u00e4ft. Nach 2maliger Besichtigung der Strecke (3,8 km) mit dem Fahrrad war der Fr\u00fchsport abgeschlossen und die Restarbeiten konnten ohne Zeitnot in aller Ruhe durchgef\u00fchrt werden. Die Strecke war sch\u00f6n auf der Landebahn gesteckt. Es wechselten Torkombinationen, zu Kurven zusammengestellt, und Schweizer ab. Garniert war das Ganze mit ein paar schr\u00e4gen Gassen. Die Strecke m\u00fcndete dann auf den Platz des Clubslaloms und war mit geringen Modifikationen wie am Vortag gestellt. Es war bei der L\u00e4nge nicht m\u00f6glich alles im Gehirn zu speichern. Man musste auf Sicht fahren, was allerdings nicht allen Teilnehmern 100 % gelang.<\/p>\n\n\n\n<p>Die Wetterprognosen hatten f\u00fcr den Sonntag 5 % Regenwahrscheinlichkeit gemeldet. Was das in Ahlhorn bedeutet wissen wir sp\u00e4testens seit dem Fr\u00fchjahr. Also wurde auch noch das Regenradar bem\u00fcht und das zeigte einiges an Wolken, die zum Start der F9 eintreffen sollten. Das Regenmaterial wurde zusammengestellt und in die beiden Autos verladen (zum Vorstart war es ein knapper Kilometer). Dabei erwies sich deutlich welches der Fahrzeuge den h\u00f6heren Nutzwert hat. In den Mazda gingen gerade einmal 2 Reifen. In der F9 hatte er keinen Beifahrersitz sonst h\u00e4tte \u00fcberhaupt nichts reingepasst. Demgegen\u00fcber schluckte der Dacia 10 Reifen und das komplette Material. Nur den Reifenwagen expedierte Falk als Fahrradanh\u00e4nger.<\/p>\n\n\n\n<p>P\u00fcnktlich fing es dann auch an zu nieseln. Falk war der erste unserer Starter auf der feuchten Strecke. Reinhard als n\u00e4chster lag 4 Hundertstel hinter ihm. Henrik geigte gleich voll auf und war 20 Sekunden schneller! In WL 1 hatte Falk dann einsetzenden Regen auf der Strecke. Er berichtete Reinhard davon, dass er im hinteren Teil der Strecke die Scheibenwischer anstellen musste. Reinhard brauchte die aber bereits um zum Start zu finden. Es regnete jetzt so stark, dass man gerne Intermediates unter sich gehabt h\u00e4tte. Wechseln war aber aus Zeitgr\u00fcnden nicht mehr m\u00f6glich, aber auch alle anderen Teilnehmer fuhren weiter auf Slicks. Die Zeiten waren in den Keller gegangen. Henrik fuhr 11 Sekunden langsamer als im Training und f\u00fchrte die Klasse mit 6 Sekunden Vorsprung an. Falk profitierte als fr\u00fcher Starter etwas von den Wetterbedingungen, lag aber weitere 12 Sekunden zur\u00fcck auf Platz 3 und Reinhard weitere 6 Sekunden dahinter auf Platz 4. Die Reihenfolge war nat\u00fcrlich ohne Strafpunkte. Es h\u00f6rte dann auf zu regnen und die Strecke hatte im WL 2 \u00e4hnliche Bedingungen wie im Training. Falk fuhr auf Sicherheit. Reinhard war gerade von der Landebahn in den letzten Streckenteil abgebogen als Henrik startete. Simultan machten sie beide Murks. Henrik drehte sich kurz nach dem Start und traf dabei eine Pylone. Reinhard war vor der ersten schr\u00e4gen Gasse auf dem Clubslalom-Platz etwas zu hart auf der Bremse und brachte die Vorderr\u00e4der zum Stehen. Er konnte dadurch nicht mehr rechtzeitig einlenken und nahm die linke Seite der Gasse volley. 3 der 4 Pylonen brachte er mit zum Vorstart.<\/p>\n\n\n\n<p>Nun hie\u00df es warten auf den Ergebnisaushang und der brachte einige \u00dcberraschungen. Henrik wurde mit 6 Strafsekunden erster vor Marco Sander, der gl\u00fccklicherweise ebenfalls 6 Strafsekunden hatte. Henriks Vorsprung waren \u201enur\u201c knappe 4 Sekunden. Er hatte also seine Zielsetzung erf\u00fcllt. Bei Falk fanden sich 18 Strafsekunden f\u00fcr ein ausgelassenes Tor und eine Pylone. Er fiel auf Platz 8 zur\u00fcck, hatte aber auch sein Ziel erreicht. Er wollte eine Wertung f\u00fcr die Qualifizierung zur A-Lizenz und das hatte gerade gereicht. Reinhard war der Punktek\u00f6nig zu seiner Gasse addierte sich noch der ein oder andere unbemerkte Pylonenfehler auf insgesamt 21 Strafsekunden und damit schaffte er den letzten Platz. Sein Ziel war aber auch erreicht, denn mit seinen reinen Fahrzeiten mit dem leistungsm\u00e4\u00dfig krass unterlegenen Dacia lag er im Mittelfeld.<\/p>\n\n\n\n<figure class=\"wp-block-image size-full\"><img loading=\"lazy\" decoding=\"async\" width=\"1024\" height=\"576\" src=\"https:\/\/as-hh-nord.de\/wp-content\/uploads\/2022\/03\/20170813-Ahlhorn04.jpg\" alt=\"\" class=\"wp-image-1031\" srcset=\"https:\/\/as-hh-nord.de\/wp-content\/uploads\/2022\/03\/20170813-Ahlhorn04.jpg 1024w, https:\/\/as-hh-nord.de\/wp-content\/uploads\/2022\/03\/20170813-Ahlhorn04-300x169.jpg 300w, https:\/\/as-hh-nord.de\/wp-content\/uploads\/2022\/03\/20170813-Ahlhorn04-768x432.jpg 768w, https:\/\/as-hh-nord.de\/wp-content\/uploads\/2022\/03\/20170813-Ahlhorn04-622x350.jpg 622w, https:\/\/as-hh-nord.de\/wp-content\/uploads\/2022\/03\/20170813-Ahlhorn04-150x84.jpg 150w\" sizes=\"auto, (max-width: 1024px) 100vw, 1024px\" \/><figcaption>Reinhard im Dacia<\/figcaption><\/figure>\n\n\n\n<figure class=\"wp-block-image size-full\"><img loading=\"lazy\" decoding=\"async\" width=\"1024\" height=\"576\" src=\"https:\/\/as-hh-nord.de\/wp-content\/uploads\/2022\/03\/20170813-Ahlhorn03.jpg\" alt=\"\" class=\"wp-image-1030\" srcset=\"https:\/\/as-hh-nord.de\/wp-content\/uploads\/2022\/03\/20170813-Ahlhorn03.jpg 1024w, https:\/\/as-hh-nord.de\/wp-content\/uploads\/2022\/03\/20170813-Ahlhorn03-300x169.jpg 300w, https:\/\/as-hh-nord.de\/wp-content\/uploads\/2022\/03\/20170813-Ahlhorn03-768x432.jpg 768w, https:\/\/as-hh-nord.de\/wp-content\/uploads\/2022\/03\/20170813-Ahlhorn03-622x350.jpg 622w, https:\/\/as-hh-nord.de\/wp-content\/uploads\/2022\/03\/20170813-Ahlhorn03-150x84.jpg 150w\" sizes=\"auto, (max-width: 1024px) 100vw, 1024px\" \/><\/figure>\n\n\n\n<figure class=\"wp-block-image size-full is-resized\"><img loading=\"lazy\" decoding=\"async\" src=\"https:\/\/as-hh-nord.de\/wp-content\/uploads\/2022\/03\/20170813-Ahlhorn02.jpg\" alt=\"\" class=\"wp-image-1029\" width=\"840\" height=\"472\" srcset=\"https:\/\/as-hh-nord.de\/wp-content\/uploads\/2022\/03\/20170813-Ahlhorn02.jpg 1024w, https:\/\/as-hh-nord.de\/wp-content\/uploads\/2022\/03\/20170813-Ahlhorn02-300x169.jpg 300w, https:\/\/as-hh-nord.de\/wp-content\/uploads\/2022\/03\/20170813-Ahlhorn02-768x432.jpg 768w, https:\/\/as-hh-nord.de\/wp-content\/uploads\/2022\/03\/20170813-Ahlhorn02-622x350.jpg 622w, https:\/\/as-hh-nord.de\/wp-content\/uploads\/2022\/03\/20170813-Ahlhorn02-150x84.jpg 150w\" sizes=\"auto, (max-width: 840px) 100vw, 840px\" \/><figcaption>Falk im Mazda<\/figcaption><\/figure>\n\n\n\n<figure class=\"wp-block-image size-full\"><img loading=\"lazy\" decoding=\"async\" width=\"1024\" height=\"576\" src=\"https:\/\/as-hh-nord.de\/wp-content\/uploads\/2022\/03\/20170813-Ahlhorn01.jpg\" alt=\"\" class=\"wp-image-1028\" srcset=\"https:\/\/as-hh-nord.de\/wp-content\/uploads\/2022\/03\/20170813-Ahlhorn01.jpg 1024w, https:\/\/as-hh-nord.de\/wp-content\/uploads\/2022\/03\/20170813-Ahlhorn01-300x169.jpg 300w, https:\/\/as-hh-nord.de\/wp-content\/uploads\/2022\/03\/20170813-Ahlhorn01-768x432.jpg 768w, https:\/\/as-hh-nord.de\/wp-content\/uploads\/2022\/03\/20170813-Ahlhorn01-622x350.jpg 622w, https:\/\/as-hh-nord.de\/wp-content\/uploads\/2022\/03\/20170813-Ahlhorn01-150x84.jpg 150w\" sizes=\"auto, (max-width: 1024px) 100vw, 1024px\" \/><\/figure>\n","protected":false},"excerpt":{"rendered":"<p>Das zweite August-Wochenende f\u00fchrte unsere Fahrer zur Veranstaltung von MSCO und AC Bramsche in Ahlhorn. Am Samstag standen zwei Clubslaloms und am Sonntag ein A-Slalom auf dem Programm. Am Samstag vor dem A-Slalom wurde der Mazda und der Logan auf Slicks umger\u00fcstet, beim Clubslalom hatten sie noch Semislicks auf den&#8230; <a class=\"continue-reading-link\" href=\"https:\/\/as-hh-nord.de\/home\/2017\/08\/13\/12-13-8-2017-slalom-weekend-ahlhorn\/\">mehr<\/a><\/p>\n","protected":false},"author":2,"featured_media":1028,"comment_status":"open","ping_status":"open","sticky":false,"template":"","format":"standard","meta":{"footnotes":""},"categories":[13,4],"tags":[],"class_list":["post-1027","post","type-post","status-publish","format-standard","has-post-thumbnail","hentry","category-a-slalom","category-slalom"],"yoast_head":"<!-- This site is optimized with the Yoast SEO plugin v27.5 - https:\/\/yoast.com\/product\/yoast-seo-wordpress\/ -->\n<title>12.\/13.8.2017 \u2013 Slalom-Weekend Ahlhorn - Automobilsport Hamburg-Nord e.V. im ADAC<\/title>\n<meta name=\"robots\" content=\"index, follow, max-snippet:-1, max-image-preview:large, max-video-preview:-1\" \/>\n<link rel=\"canonical\" href=\"https:\/\/as-hh-nord.de\/home\/2017\/08\/13\/12-13-8-2017-slalom-weekend-ahlhorn\/\" \/>\n<meta property=\"og:locale\" content=\"de_DE\" \/>\n<meta property=\"og:type\" content=\"article\" \/>\n<meta property=\"og:title\" content=\"12.\/13.8.2017 \u2013 Slalom-Weekend Ahlhorn - Automobilsport Hamburg-Nord e.V. im ADAC\" \/>\n<meta property=\"og:description\" content=\"Das zweite August-Wochenende f\u00fchrte unsere Fahrer zur Veranstaltung von MSCO und AC Bramsche in Ahlhorn. Am Samstag standen zwei Clubslaloms und am Sonntag ein A-Slalom auf dem Programm. Am Samstag vor dem A-Slalom wurde der Mazda und der Logan auf Slicks umger\u00fcstet, beim Clubslalom hatten sie noch Semislicks auf den... mehr\" \/>\n<meta property=\"og:url\" content=\"https:\/\/as-hh-nord.de\/home\/2017\/08\/13\/12-13-8-2017-slalom-weekend-ahlhorn\/\" \/>\n<meta property=\"og:site_name\" content=\"Automobilsport Hamburg-Nord e.V. im ADAC\" \/>\n<meta property=\"article:published_time\" content=\"2017-08-13T09:02:00+00:00\" \/>\n<meta property=\"article:modified_time\" content=\"2022-03-20T10:05:38+00:00\" \/>\n<meta property=\"og:image\" content=\"https:\/\/as-hh-nord.de\/wp-content\/uploads\/2022\/03\/20170813-Ahlhorn01.jpg\" \/>\n\t<meta property=\"og:image:width\" content=\"1024\" \/>\n\t<meta property=\"og:image:height\" content=\"576\" \/>\n\t<meta property=\"og:image:type\" content=\"image\/jpeg\" \/>\n<meta name=\"author\" content=\"Reinhard Stoldt\" \/>\n<meta name=\"twitter:card\" content=\"summary_large_image\" \/>\n<meta name=\"twitter:label1\" content=\"Verfasst von\" \/>\n\t<meta name=\"twitter:data1\" content=\"Reinhard Stoldt\" \/>\n\t<meta name=\"twitter:label2\" content=\"Gesch\u00e4tzte Lesezeit\" \/>\n\t<meta name=\"twitter:data2\" content=\"5\u00a0Minuten\" \/>\n<script type=\"application\/ld+json\" class=\"yoast-schema-graph\">{\"@context\":\"https:\\\/\\\/schema.org\",\"@graph\":[{\"@type\":\"Article\",\"@id\":\"https:\\\/\\\/as-hh-nord.de\\\/home\\\/2017\\\/08\\\/13\\\/12-13-8-2017-slalom-weekend-ahlhorn\\\/#article\",\"isPartOf\":{\"@id\":\"https:\\\/\\\/as-hh-nord.de\\\/home\\\/2017\\\/08\\\/13\\\/12-13-8-2017-slalom-weekend-ahlhorn\\\/\"},\"author\":{\"name\":\"Reinhard Stoldt\",\"@id\":\"https:\\\/\\\/as-hh-nord.de\\\/home\\\/#\\\/schema\\\/person\\\/b39f77383e560a709fdae3435ff73c0f\"},\"headline\":\"12.\\\/13.8.2017 \u2013 Slalom-Weekend Ahlhorn\",\"datePublished\":\"2017-08-13T09:02:00+00:00\",\"dateModified\":\"2022-03-20T10:05:38+00:00\",\"mainEntityOfPage\":{\"@id\":\"https:\\\/\\\/as-hh-nord.de\\\/home\\\/2017\\\/08\\\/13\\\/12-13-8-2017-slalom-weekend-ahlhorn\\\/\"},\"wordCount\":690,\"commentCount\":0,\"image\":{\"@id\":\"https:\\\/\\\/as-hh-nord.de\\\/home\\\/2017\\\/08\\\/13\\\/12-13-8-2017-slalom-weekend-ahlhorn\\\/#primaryimage\"},\"thumbnailUrl\":\"https:\\\/\\\/as-hh-nord.de\\\/wp-content\\\/uploads\\\/2022\\\/03\\\/20170813-Ahlhorn01.jpg\",\"articleSection\":[\"A-Slalom\",\"Slalom\"],\"inLanguage\":\"de\",\"potentialAction\":[{\"@type\":\"CommentAction\",\"name\":\"Comment\",\"target\":[\"https:\\\/\\\/as-hh-nord.de\\\/home\\\/2017\\\/08\\\/13\\\/12-13-8-2017-slalom-weekend-ahlhorn\\\/#respond\"]}]},{\"@type\":\"WebPage\",\"@id\":\"https:\\\/\\\/as-hh-nord.de\\\/home\\\/2017\\\/08\\\/13\\\/12-13-8-2017-slalom-weekend-ahlhorn\\\/\",\"url\":\"https:\\\/\\\/as-hh-nord.de\\\/home\\\/2017\\\/08\\\/13\\\/12-13-8-2017-slalom-weekend-ahlhorn\\\/\",\"name\":\"12.\\\/13.8.2017 \u2013 Slalom-Weekend Ahlhorn - Automobilsport Hamburg-Nord e.V. im ADAC\",\"isPartOf\":{\"@id\":\"https:\\\/\\\/as-hh-nord.de\\\/home\\\/#website\"},\"primaryImageOfPage\":{\"@id\":\"https:\\\/\\\/as-hh-nord.de\\\/home\\\/2017\\\/08\\\/13\\\/12-13-8-2017-slalom-weekend-ahlhorn\\\/#primaryimage\"},\"image\":{\"@id\":\"https:\\\/\\\/as-hh-nord.de\\\/home\\\/2017\\\/08\\\/13\\\/12-13-8-2017-slalom-weekend-ahlhorn\\\/#primaryimage\"},\"thumbnailUrl\":\"https:\\\/\\\/as-hh-nord.de\\\/wp-content\\\/uploads\\\/2022\\\/03\\\/20170813-Ahlhorn01.jpg\",\"datePublished\":\"2017-08-13T09:02:00+00:00\",\"dateModified\":\"2022-03-20T10:05:38+00:00\",\"author\":{\"@id\":\"https:\\\/\\\/as-hh-nord.de\\\/home\\\/#\\\/schema\\\/person\\\/b39f77383e560a709fdae3435ff73c0f\"},\"breadcrumb\":{\"@id\":\"https:\\\/\\\/as-hh-nord.de\\\/home\\\/2017\\\/08\\\/13\\\/12-13-8-2017-slalom-weekend-ahlhorn\\\/#breadcrumb\"},\"inLanguage\":\"de\",\"potentialAction\":[{\"@type\":\"ReadAction\",\"target\":[\"https:\\\/\\\/as-hh-nord.de\\\/home\\\/2017\\\/08\\\/13\\\/12-13-8-2017-slalom-weekend-ahlhorn\\\/\"]}]},{\"@type\":\"ImageObject\",\"inLanguage\":\"de\",\"@id\":\"https:\\\/\\\/as-hh-nord.de\\\/home\\\/2017\\\/08\\\/13\\\/12-13-8-2017-slalom-weekend-ahlhorn\\\/#primaryimage\",\"url\":\"https:\\\/\\\/as-hh-nord.de\\\/wp-content\\\/uploads\\\/2022\\\/03\\\/20170813-Ahlhorn01.jpg\",\"contentUrl\":\"https:\\\/\\\/as-hh-nord.de\\\/wp-content\\\/uploads\\\/2022\\\/03\\\/20170813-Ahlhorn01.jpg\",\"width\":1024,\"height\":576},{\"@type\":\"BreadcrumbList\",\"@id\":\"https:\\\/\\\/as-hh-nord.de\\\/home\\\/2017\\\/08\\\/13\\\/12-13-8-2017-slalom-weekend-ahlhorn\\\/#breadcrumb\",\"itemListElement\":[{\"@type\":\"ListItem\",\"position\":1,\"name\":\"Startseite\",\"item\":\"https:\\\/\\\/as-hh-nord.de\\\/home\\\/\"},{\"@type\":\"ListItem\",\"position\":2,\"name\":\"12.\\\/13.8.2017 \u2013 Slalom-Weekend Ahlhorn\"}]},{\"@type\":\"WebSite\",\"@id\":\"https:\\\/\\\/as-hh-nord.de\\\/home\\\/#website\",\"url\":\"https:\\\/\\\/as-hh-nord.de\\\/home\\\/\",\"name\":\"Automobilsport Hamburg-Nord e.V. im ADAC\",\"description\":\"\",\"potentialAction\":[{\"@type\":\"SearchAction\",\"target\":{\"@type\":\"EntryPoint\",\"urlTemplate\":\"https:\\\/\\\/as-hh-nord.de\\\/home\\\/?s={search_term_string}\"},\"query-input\":{\"@type\":\"PropertyValueSpecification\",\"valueRequired\":true,\"valueName\":\"search_term_string\"}}],\"inLanguage\":\"de\"},{\"@type\":\"Person\",\"@id\":\"https:\\\/\\\/as-hh-nord.de\\\/home\\\/#\\\/schema\\\/person\\\/b39f77383e560a709fdae3435ff73c0f\",\"name\":\"Reinhard Stoldt\",\"image\":{\"@type\":\"ImageObject\",\"inLanguage\":\"de\",\"@id\":\"https:\\\/\\\/secure.gravatar.com\\\/avatar\\\/5e8e6842f9b215f30012b87b27c7eafe610cd3acd485b024feb3a1d5b48c0a70?s=96&d=mm&r=g\",\"url\":\"https:\\\/\\\/secure.gravatar.com\\\/avatar\\\/5e8e6842f9b215f30012b87b27c7eafe610cd3acd485b024feb3a1d5b48c0a70?s=96&d=mm&r=g\",\"contentUrl\":\"https:\\\/\\\/secure.gravatar.com\\\/avatar\\\/5e8e6842f9b215f30012b87b27c7eafe610cd3acd485b024feb3a1d5b48c0a70?s=96&d=mm&r=g\",\"caption\":\"Reinhard Stoldt\"},\"url\":\"https:\\\/\\\/as-hh-nord.de\\\/home\\\/author\\\/reinhard-stoldt\\\/\"}]}<\/script>\n<!-- \/ Yoast SEO plugin. -->","yoast_head_json":{"title":"12.\/13.8.2017 \u2013 Slalom-Weekend Ahlhorn - Automobilsport Hamburg-Nord e.V. im ADAC","robots":{"index":"index","follow":"follow","max-snippet":"max-snippet:-1","max-image-preview":"max-image-preview:large","max-video-preview":"max-video-preview:-1"},"canonical":"https:\/\/as-hh-nord.de\/home\/2017\/08\/13\/12-13-8-2017-slalom-weekend-ahlhorn\/","og_locale":"de_DE","og_type":"article","og_title":"12.\/13.8.2017 \u2013 Slalom-Weekend Ahlhorn - Automobilsport Hamburg-Nord e.V. im ADAC","og_description":"Das zweite August-Wochenende f\u00fchrte unsere Fahrer zur Veranstaltung von MSCO und AC Bramsche in Ahlhorn. Am Samstag standen zwei Clubslaloms und am Sonntag ein A-Slalom auf dem Programm. Am Samstag vor dem A-Slalom wurde der Mazda und der Logan auf Slicks umger\u00fcstet, beim Clubslalom hatten sie noch Semislicks auf den... mehr","og_url":"https:\/\/as-hh-nord.de\/home\/2017\/08\/13\/12-13-8-2017-slalom-weekend-ahlhorn\/","og_site_name":"Automobilsport Hamburg-Nord e.V. im ADAC","article_published_time":"2017-08-13T09:02:00+00:00","article_modified_time":"2022-03-20T10:05:38+00:00","og_image":[{"width":1024,"height":576,"url":"https:\/\/as-hh-nord.de\/wp-content\/uploads\/2022\/03\/20170813-Ahlhorn01.jpg","type":"image\/jpeg"}],"author":"Reinhard Stoldt","twitter_card":"summary_large_image","twitter_misc":{"Verfasst von":"Reinhard Stoldt","Gesch\u00e4tzte Lesezeit":"5\u00a0Minuten"},"schema":{"@context":"https:\/\/schema.org","@graph":[{"@type":"Article","@id":"https:\/\/as-hh-nord.de\/home\/2017\/08\/13\/12-13-8-2017-slalom-weekend-ahlhorn\/#article","isPartOf":{"@id":"https:\/\/as-hh-nord.de\/home\/2017\/08\/13\/12-13-8-2017-slalom-weekend-ahlhorn\/"},"author":{"name":"Reinhard Stoldt","@id":"https:\/\/as-hh-nord.de\/home\/#\/schema\/person\/b39f77383e560a709fdae3435ff73c0f"},"headline":"12.\/13.8.2017 \u2013 Slalom-Weekend Ahlhorn","datePublished":"2017-08-13T09:02:00+00:00","dateModified":"2022-03-20T10:05:38+00:00","mainEntityOfPage":{"@id":"https:\/\/as-hh-nord.de\/home\/2017\/08\/13\/12-13-8-2017-slalom-weekend-ahlhorn\/"},"wordCount":690,"commentCount":0,"image":{"@id":"https:\/\/as-hh-nord.de\/home\/2017\/08\/13\/12-13-8-2017-slalom-weekend-ahlhorn\/#primaryimage"},"thumbnailUrl":"https:\/\/as-hh-nord.de\/wp-content\/uploads\/2022\/03\/20170813-Ahlhorn01.jpg","articleSection":["A-Slalom","Slalom"],"inLanguage":"de","potentialAction":[{"@type":"CommentAction","name":"Comment","target":["https:\/\/as-hh-nord.de\/home\/2017\/08\/13\/12-13-8-2017-slalom-weekend-ahlhorn\/#respond"]}]},{"@type":"WebPage","@id":"https:\/\/as-hh-nord.de\/home\/2017\/08\/13\/12-13-8-2017-slalom-weekend-ahlhorn\/","url":"https:\/\/as-hh-nord.de\/home\/2017\/08\/13\/12-13-8-2017-slalom-weekend-ahlhorn\/","name":"12.\/13.8.2017 \u2013 Slalom-Weekend Ahlhorn - Automobilsport Hamburg-Nord e.V. im ADAC","isPartOf":{"@id":"https:\/\/as-hh-nord.de\/home\/#website"},"primaryImageOfPage":{"@id":"https:\/\/as-hh-nord.de\/home\/2017\/08\/13\/12-13-8-2017-slalom-weekend-ahlhorn\/#primaryimage"},"image":{"@id":"https:\/\/as-hh-nord.de\/home\/2017\/08\/13\/12-13-8-2017-slalom-weekend-ahlhorn\/#primaryimage"},"thumbnailUrl":"https:\/\/as-hh-nord.de\/wp-content\/uploads\/2022\/03\/20170813-Ahlhorn01.jpg","datePublished":"2017-08-13T09:02:00+00:00","dateModified":"2022-03-20T10:05:38+00:00","author":{"@id":"https:\/\/as-hh-nord.de\/home\/#\/schema\/person\/b39f77383e560a709fdae3435ff73c0f"},"breadcrumb":{"@id":"https:\/\/as-hh-nord.de\/home\/2017\/08\/13\/12-13-8-2017-slalom-weekend-ahlhorn\/#breadcrumb"},"inLanguage":"de","potentialAction":[{"@type":"ReadAction","target":["https:\/\/as-hh-nord.de\/home\/2017\/08\/13\/12-13-8-2017-slalom-weekend-ahlhorn\/"]}]},{"@type":"ImageObject","inLanguage":"de","@id":"https:\/\/as-hh-nord.de\/home\/2017\/08\/13\/12-13-8-2017-slalom-weekend-ahlhorn\/#primaryimage","url":"https:\/\/as-hh-nord.de\/wp-content\/uploads\/2022\/03\/20170813-Ahlhorn01.jpg","contentUrl":"https:\/\/as-hh-nord.de\/wp-content\/uploads\/2022\/03\/20170813-Ahlhorn01.jpg","width":1024,"height":576},{"@type":"BreadcrumbList","@id":"https:\/\/as-hh-nord.de\/home\/2017\/08\/13\/12-13-8-2017-slalom-weekend-ahlhorn\/#breadcrumb","itemListElement":[{"@type":"ListItem","position":1,"name":"Startseite","item":"https:\/\/as-hh-nord.de\/home\/"},{"@type":"ListItem","position":2,"name":"12.\/13.8.2017 \u2013 Slalom-Weekend Ahlhorn"}]},{"@type":"WebSite","@id":"https:\/\/as-hh-nord.de\/home\/#website","url":"https:\/\/as-hh-nord.de\/home\/","name":"Automobilsport Hamburg-Nord e.V. im ADAC","description":"","potentialAction":[{"@type":"SearchAction","target":{"@type":"EntryPoint","urlTemplate":"https:\/\/as-hh-nord.de\/home\/?s={search_term_string}"},"query-input":{"@type":"PropertyValueSpecification","valueRequired":true,"valueName":"search_term_string"}}],"inLanguage":"de"},{"@type":"Person","@id":"https:\/\/as-hh-nord.de\/home\/#\/schema\/person\/b39f77383e560a709fdae3435ff73c0f","name":"Reinhard Stoldt","image":{"@type":"ImageObject","inLanguage":"de","@id":"https:\/\/secure.gravatar.com\/avatar\/5e8e6842f9b215f30012b87b27c7eafe610cd3acd485b024feb3a1d5b48c0a70?s=96&d=mm&r=g","url":"https:\/\/secure.gravatar.com\/avatar\/5e8e6842f9b215f30012b87b27c7eafe610cd3acd485b024feb3a1d5b48c0a70?s=96&d=mm&r=g","contentUrl":"https:\/\/secure.gravatar.com\/avatar\/5e8e6842f9b215f30012b87b27c7eafe610cd3acd485b024feb3a1d5b48c0a70?s=96&d=mm&r=g","caption":"Reinhard Stoldt"},"url":"https:\/\/as-hh-nord.de\/home\/author\/reinhard-stoldt\/"}]}},"_links":{"self":[{"href":"https:\/\/as-hh-nord.de\/home\/wp-json\/wp\/v2\/posts\/1027","targetHints":{"allow":["GET"]}}],"collection":[{"href":"https:\/\/as-hh-nord.de\/home\/wp-json\/wp\/v2\/posts"}],"about":[{"href":"https:\/\/as-hh-nord.de\/home\/wp-json\/wp\/v2\/types\/post"}],"author":[{"embeddable":true,"href":"https:\/\/as-hh-nord.de\/home\/wp-json\/wp\/v2\/users\/2"}],"replies":[{"embeddable":true,"href":"https:\/\/as-hh-nord.de\/home\/wp-json\/wp\/v2\/comments?post=1027"}],"version-history":[{"count":1,"href":"https:\/\/as-hh-nord.de\/home\/wp-json\/wp\/v2\/posts\/1027\/revisions"}],"predecessor-version":[{"id":1032,"href":"https:\/\/as-hh-nord.de\/home\/wp-json\/wp\/v2\/posts\/1027\/revisions\/1032"}],"wp:featuredmedia":[{"embeddable":true,"href":"https:\/\/as-hh-nord.de\/home\/wp-json\/wp\/v2\/media\/1028"}],"wp:attachment":[{"href":"https:\/\/as-hh-nord.de\/home\/wp-json\/wp\/v2\/media?parent=1027"}],"wp:term":[{"taxonomy":"category","embeddable":true,"href":"https:\/\/as-hh-nord.de\/home\/wp-json\/wp\/v2\/categories?post=1027"},{"taxonomy":"post_tag","embeddable":true,"href":"https:\/\/as-hh-nord.de\/home\/wp-json\/wp\/v2\/tags?post=1027"}],"curies":[{"name":"wp","href":"https:\/\/api.w.org\/{rel}","templated":true}]}}