{"id":1002,"date":"2014-04-13T15:56:00","date_gmt":"2014-04-13T13:56:00","guid":{"rendered":"https:\/\/as-hh-nord.de\/home\/?p=1002"},"modified":"2022-03-19T15:59:13","modified_gmt":"2022-03-19T14:59:13","slug":"13-4-2014-ilmenau-slalom","status":"publish","type":"post","link":"https:\/\/as-hh-nord.de\/home\/2014\/04\/13\/13-4-2014-ilmenau-slalom\/","title":{"rendered":"13.4.2014 \u2013 Ilmenau Slalom"},"content":{"rendered":"\n<p>Dem Kribbeln, das den Slalomfahrer im Winter bef\u00e4llt, konnte nun abgeholfen werden. Am Sonntag war wieder Startschuss f\u00fcr die neue Saison in Embsen. Auf der Kartbahn wurde vormittags Clubslalom und nachmittags um die Hansa-Meisterschaft gefahren.<br>Beim nachmitt\u00e4glichen DMSB-Slalom traten Henrik und Reinhard auf dem G5-BMW an. Die Teilnehmer hatten in der G5 einiges auszuhalten mit muckenden Autos und muckender Zeitnahme. Der gr\u00fcne Renner hatte sehr viel Eigenleben in der Vorderachse. Ein ausgeschlagenes Traggelenk knallte bei jeder Lenkbewegung, als h\u00e4tte man eine Pylone voll getroffen. Dann wollte der dritte Gang nicht mehr bleiben wo er hingeh\u00f6rte und musste in der Schikane auf der Gegengeraden immer festgehalten werden, gerade dort wo man beide H\u00e4nde am Lenkrad brauchte. Und dann gab es im ersten Wertungslauf Irritationen mit den Zeiten. Reinhard fuhr nach m\u00e4\u00dfigen 1:35 im Training eine 1:15. Der Veranstalter behauptete aber, die Zeit stimmt nicht<br>Auch Bj\u00f6rn Toppel, Henriks Erzkonkurrent, mit dem er sich trotz der Probleme einen sehenswerten Zweikampf lieferte, hatte eine falsche Zeit und musste noch einmal starten. Henrik war schneller und beide warfen im ersten Lauf eine Pylone. Aber nun kam der Wiederholungslauf ins Spiel und hier warf Bj\u00f6rn nat\u00fcrlich keine Pylone, da er es jetzt etwas ruhiger angehen lassen konnte. Platz zwei f\u00fcr Henrik und Platz 3 f\u00fcr Reinhard blieben \u00fcbrig.<\/p>\n\n\n\n<figure class=\"wp-block-image size-full\"><img loading=\"lazy\" decoding=\"async\" width=\"639\" height=\"425\" src=\"https:\/\/as-hh-nord.de\/wp-content\/uploads\/2022\/03\/20140413-Ilmenau02.jpg\" alt=\"\" class=\"wp-image-1004\" srcset=\"https:\/\/as-hh-nord.de\/wp-content\/uploads\/2022\/03\/20140413-Ilmenau02.jpg 639w, https:\/\/as-hh-nord.de\/wp-content\/uploads\/2022\/03\/20140413-Ilmenau02-300x200.jpg 300w, https:\/\/as-hh-nord.de\/wp-content\/uploads\/2022\/03\/20140413-Ilmenau02-526x350.jpg 526w, https:\/\/as-hh-nord.de\/wp-content\/uploads\/2022\/03\/20140413-Ilmenau02-150x100.jpg 150w\" sizes=\"auto, (max-width: 639px) 100vw, 639px\" \/><\/figure>\n","protected":false},"excerpt":{"rendered":"<p>Dem Kribbeln, das den Slalomfahrer im Winter bef\u00e4llt, konnte nun abgeholfen werden. Am Sonntag war wieder Startschuss f\u00fcr die neue Saison in Embsen. Auf der Kartbahn wurde vormittags Clubslalom und nachmittags um die Hansa-Meisterschaft gefahren.Beim nachmitt\u00e4glichen DMSB-Slalom traten Henrik und Reinhard auf dem G5-BMW an. Die Teilnehmer hatten in der&#8230; <a class=\"continue-reading-link\" href=\"https:\/\/as-hh-nord.de\/home\/2014\/04\/13\/13-4-2014-ilmenau-slalom\/\">mehr<\/a><\/p>\n","protected":false},"author":2,"featured_media":1004,"comment_status":"open","ping_status":"open","sticky":false,"template":"","format":"standard","meta":{"footnotes":""},"categories":[13,4],"tags":[],"class_list":["post-1002","post","type-post","status-publish","format-standard","has-post-thumbnail","hentry","category-a-slalom","category-slalom"],"yoast_head":"<!-- This site is optimized with the Yoast SEO plugin v27.5 - https:\/\/yoast.com\/product\/yoast-seo-wordpress\/ -->\n<title>13.4.2014 \u2013 Ilmenau Slalom - Automobilsport Hamburg-Nord e.V. im ADAC<\/title>\n<meta name=\"robots\" content=\"index, follow, max-snippet:-1, max-image-preview:large, max-video-preview:-1\" \/>\n<link rel=\"canonical\" href=\"https:\/\/as-hh-nord.de\/home\/2014\/04\/13\/13-4-2014-ilmenau-slalom\/\" \/>\n<meta property=\"og:locale\" content=\"de_DE\" \/>\n<meta property=\"og:type\" content=\"article\" \/>\n<meta property=\"og:title\" content=\"13.4.2014 \u2013 Ilmenau Slalom - Automobilsport Hamburg-Nord e.V. im ADAC\" \/>\n<meta property=\"og:description\" content=\"Dem Kribbeln, das den Slalomfahrer im Winter bef\u00e4llt, konnte nun abgeholfen werden. Am Sonntag war wieder Startschuss f\u00fcr die neue Saison in Embsen. Auf der Kartbahn wurde vormittags Clubslalom und nachmittags um die Hansa-Meisterschaft gefahren.Beim nachmitt\u00e4glichen DMSB-Slalom traten Henrik und Reinhard auf dem G5-BMW an. Die Teilnehmer hatten in der... mehr\" \/>\n<meta property=\"og:url\" content=\"https:\/\/as-hh-nord.de\/home\/2014\/04\/13\/13-4-2014-ilmenau-slalom\/\" \/>\n<meta property=\"og:site_name\" content=\"Automobilsport Hamburg-Nord e.V. im ADAC\" \/>\n<meta property=\"article:published_time\" content=\"2014-04-13T13:56:00+00:00\" \/>\n<meta property=\"article:modified_time\" content=\"2022-03-19T14:59:13+00:00\" \/>\n<meta property=\"og:image\" content=\"https:\/\/as-hh-nord.de\/wp-content\/uploads\/2022\/03\/20140413-Ilmenau02.jpg\" \/>\n\t<meta property=\"og:image:width\" content=\"639\" \/>\n\t<meta property=\"og:image:height\" content=\"425\" \/>\n\t<meta property=\"og:image:type\" content=\"image\/jpeg\" \/>\n<meta name=\"author\" content=\"Reinhard Stoldt\" \/>\n<meta name=\"twitter:card\" content=\"summary_large_image\" \/>\n<meta name=\"twitter:label1\" content=\"Verfasst von\" \/>\n\t<meta name=\"twitter:data1\" content=\"Reinhard Stoldt\" \/>\n\t<meta name=\"twitter:label2\" content=\"Gesch\u00e4tzte Lesezeit\" \/>\n\t<meta name=\"twitter:data2\" content=\"2\u00a0Minuten\" \/>\n<script type=\"application\/ld+json\" class=\"yoast-schema-graph\">{\"@context\":\"https:\\\/\\\/schema.org\",\"@graph\":[{\"@type\":\"Article\",\"@id\":\"https:\\\/\\\/as-hh-nord.de\\\/home\\\/2014\\\/04\\\/13\\\/13-4-2014-ilmenau-slalom\\\/#article\",\"isPartOf\":{\"@id\":\"https:\\\/\\\/as-hh-nord.de\\\/home\\\/2014\\\/04\\\/13\\\/13-4-2014-ilmenau-slalom\\\/\"},\"author\":{\"name\":\"Reinhard Stoldt\",\"@id\":\"https:\\\/\\\/as-hh-nord.de\\\/home\\\/#\\\/schema\\\/person\\\/b39f77383e560a709fdae3435ff73c0f\"},\"headline\":\"13.4.2014 \u2013 Ilmenau Slalom\",\"datePublished\":\"2014-04-13T13:56:00+00:00\",\"dateModified\":\"2022-03-19T14:59:13+00:00\",\"mainEntityOfPage\":{\"@id\":\"https:\\\/\\\/as-hh-nord.de\\\/home\\\/2014\\\/04\\\/13\\\/13-4-2014-ilmenau-slalom\\\/\"},\"wordCount\":225,\"commentCount\":0,\"image\":{\"@id\":\"https:\\\/\\\/as-hh-nord.de\\\/home\\\/2014\\\/04\\\/13\\\/13-4-2014-ilmenau-slalom\\\/#primaryimage\"},\"thumbnailUrl\":\"https:\\\/\\\/as-hh-nord.de\\\/wp-content\\\/uploads\\\/2022\\\/03\\\/20140413-Ilmenau02.jpg\",\"articleSection\":[\"A-Slalom\",\"Slalom\"],\"inLanguage\":\"de\",\"potentialAction\":[{\"@type\":\"CommentAction\",\"name\":\"Comment\",\"target\":[\"https:\\\/\\\/as-hh-nord.de\\\/home\\\/2014\\\/04\\\/13\\\/13-4-2014-ilmenau-slalom\\\/#respond\"]}]},{\"@type\":\"WebPage\",\"@id\":\"https:\\\/\\\/as-hh-nord.de\\\/home\\\/2014\\\/04\\\/13\\\/13-4-2014-ilmenau-slalom\\\/\",\"url\":\"https:\\\/\\\/as-hh-nord.de\\\/home\\\/2014\\\/04\\\/13\\\/13-4-2014-ilmenau-slalom\\\/\",\"name\":\"13.4.2014 \u2013 Ilmenau Slalom - Automobilsport Hamburg-Nord e.V. im ADAC\",\"isPartOf\":{\"@id\":\"https:\\\/\\\/as-hh-nord.de\\\/home\\\/#website\"},\"primaryImageOfPage\":{\"@id\":\"https:\\\/\\\/as-hh-nord.de\\\/home\\\/2014\\\/04\\\/13\\\/13-4-2014-ilmenau-slalom\\\/#primaryimage\"},\"image\":{\"@id\":\"https:\\\/\\\/as-hh-nord.de\\\/home\\\/2014\\\/04\\\/13\\\/13-4-2014-ilmenau-slalom\\\/#primaryimage\"},\"thumbnailUrl\":\"https:\\\/\\\/as-hh-nord.de\\\/wp-content\\\/uploads\\\/2022\\\/03\\\/20140413-Ilmenau02.jpg\",\"datePublished\":\"2014-04-13T13:56:00+00:00\",\"dateModified\":\"2022-03-19T14:59:13+00:00\",\"author\":{\"@id\":\"https:\\\/\\\/as-hh-nord.de\\\/home\\\/#\\\/schema\\\/person\\\/b39f77383e560a709fdae3435ff73c0f\"},\"breadcrumb\":{\"@id\":\"https:\\\/\\\/as-hh-nord.de\\\/home\\\/2014\\\/04\\\/13\\\/13-4-2014-ilmenau-slalom\\\/#breadcrumb\"},\"inLanguage\":\"de\",\"potentialAction\":[{\"@type\":\"ReadAction\",\"target\":[\"https:\\\/\\\/as-hh-nord.de\\\/home\\\/2014\\\/04\\\/13\\\/13-4-2014-ilmenau-slalom\\\/\"]}]},{\"@type\":\"ImageObject\",\"inLanguage\":\"de\",\"@id\":\"https:\\\/\\\/as-hh-nord.de\\\/home\\\/2014\\\/04\\\/13\\\/13-4-2014-ilmenau-slalom\\\/#primaryimage\",\"url\":\"https:\\\/\\\/as-hh-nord.de\\\/wp-content\\\/uploads\\\/2022\\\/03\\\/20140413-Ilmenau02.jpg\",\"contentUrl\":\"https:\\\/\\\/as-hh-nord.de\\\/wp-content\\\/uploads\\\/2022\\\/03\\\/20140413-Ilmenau02.jpg\",\"width\":639,\"height\":425},{\"@type\":\"BreadcrumbList\",\"@id\":\"https:\\\/\\\/as-hh-nord.de\\\/home\\\/2014\\\/04\\\/13\\\/13-4-2014-ilmenau-slalom\\\/#breadcrumb\",\"itemListElement\":[{\"@type\":\"ListItem\",\"position\":1,\"name\":\"Startseite\",\"item\":\"https:\\\/\\\/as-hh-nord.de\\\/home\\\/\"},{\"@type\":\"ListItem\",\"position\":2,\"name\":\"13.4.2014 \u2013 Ilmenau Slalom\"}]},{\"@type\":\"WebSite\",\"@id\":\"https:\\\/\\\/as-hh-nord.de\\\/home\\\/#website\",\"url\":\"https:\\\/\\\/as-hh-nord.de\\\/home\\\/\",\"name\":\"Automobilsport Hamburg-Nord e.V. im ADAC\",\"description\":\"\",\"potentialAction\":[{\"@type\":\"SearchAction\",\"target\":{\"@type\":\"EntryPoint\",\"urlTemplate\":\"https:\\\/\\\/as-hh-nord.de\\\/home\\\/?s={search_term_string}\"},\"query-input\":{\"@type\":\"PropertyValueSpecification\",\"valueRequired\":true,\"valueName\":\"search_term_string\"}}],\"inLanguage\":\"de\"},{\"@type\":\"Person\",\"@id\":\"https:\\\/\\\/as-hh-nord.de\\\/home\\\/#\\\/schema\\\/person\\\/b39f77383e560a709fdae3435ff73c0f\",\"name\":\"Reinhard Stoldt\",\"image\":{\"@type\":\"ImageObject\",\"inLanguage\":\"de\",\"@id\":\"https:\\\/\\\/secure.gravatar.com\\\/avatar\\\/5e8e6842f9b215f30012b87b27c7eafe610cd3acd485b024feb3a1d5b48c0a70?s=96&d=mm&r=g\",\"url\":\"https:\\\/\\\/secure.gravatar.com\\\/avatar\\\/5e8e6842f9b215f30012b87b27c7eafe610cd3acd485b024feb3a1d5b48c0a70?s=96&d=mm&r=g\",\"contentUrl\":\"https:\\\/\\\/secure.gravatar.com\\\/avatar\\\/5e8e6842f9b215f30012b87b27c7eafe610cd3acd485b024feb3a1d5b48c0a70?s=96&d=mm&r=g\",\"caption\":\"Reinhard Stoldt\"},\"url\":\"https:\\\/\\\/as-hh-nord.de\\\/home\\\/author\\\/reinhard-stoldt\\\/\"}]}<\/script>\n<!-- \/ Yoast SEO plugin. -->","yoast_head_json":{"title":"13.4.2014 \u2013 Ilmenau Slalom - Automobilsport Hamburg-Nord e.V. im ADAC","robots":{"index":"index","follow":"follow","max-snippet":"max-snippet:-1","max-image-preview":"max-image-preview:large","max-video-preview":"max-video-preview:-1"},"canonical":"https:\/\/as-hh-nord.de\/home\/2014\/04\/13\/13-4-2014-ilmenau-slalom\/","og_locale":"de_DE","og_type":"article","og_title":"13.4.2014 \u2013 Ilmenau Slalom - Automobilsport Hamburg-Nord e.V. im ADAC","og_description":"Dem Kribbeln, das den Slalomfahrer im Winter bef\u00e4llt, konnte nun abgeholfen werden. Am Sonntag war wieder Startschuss f\u00fcr die neue Saison in Embsen. Auf der Kartbahn wurde vormittags Clubslalom und nachmittags um die Hansa-Meisterschaft gefahren.Beim nachmitt\u00e4glichen DMSB-Slalom traten Henrik und Reinhard auf dem G5-BMW an. Die Teilnehmer hatten in der... mehr","og_url":"https:\/\/as-hh-nord.de\/home\/2014\/04\/13\/13-4-2014-ilmenau-slalom\/","og_site_name":"Automobilsport Hamburg-Nord e.V. im ADAC","article_published_time":"2014-04-13T13:56:00+00:00","article_modified_time":"2022-03-19T14:59:13+00:00","og_image":[{"width":639,"height":425,"url":"https:\/\/as-hh-nord.de\/wp-content\/uploads\/2022\/03\/20140413-Ilmenau02.jpg","type":"image\/jpeg"}],"author":"Reinhard Stoldt","twitter_card":"summary_large_image","twitter_misc":{"Verfasst von":"Reinhard Stoldt","Gesch\u00e4tzte Lesezeit":"2\u00a0Minuten"},"schema":{"@context":"https:\/\/schema.org","@graph":[{"@type":"Article","@id":"https:\/\/as-hh-nord.de\/home\/2014\/04\/13\/13-4-2014-ilmenau-slalom\/#article","isPartOf":{"@id":"https:\/\/as-hh-nord.de\/home\/2014\/04\/13\/13-4-2014-ilmenau-slalom\/"},"author":{"name":"Reinhard Stoldt","@id":"https:\/\/as-hh-nord.de\/home\/#\/schema\/person\/b39f77383e560a709fdae3435ff73c0f"},"headline":"13.4.2014 \u2013 Ilmenau Slalom","datePublished":"2014-04-13T13:56:00+00:00","dateModified":"2022-03-19T14:59:13+00:00","mainEntityOfPage":{"@id":"https:\/\/as-hh-nord.de\/home\/2014\/04\/13\/13-4-2014-ilmenau-slalom\/"},"wordCount":225,"commentCount":0,"image":{"@id":"https:\/\/as-hh-nord.de\/home\/2014\/04\/13\/13-4-2014-ilmenau-slalom\/#primaryimage"},"thumbnailUrl":"https:\/\/as-hh-nord.de\/wp-content\/uploads\/2022\/03\/20140413-Ilmenau02.jpg","articleSection":["A-Slalom","Slalom"],"inLanguage":"de","potentialAction":[{"@type":"CommentAction","name":"Comment","target":["https:\/\/as-hh-nord.de\/home\/2014\/04\/13\/13-4-2014-ilmenau-slalom\/#respond"]}]},{"@type":"WebPage","@id":"https:\/\/as-hh-nord.de\/home\/2014\/04\/13\/13-4-2014-ilmenau-slalom\/","url":"https:\/\/as-hh-nord.de\/home\/2014\/04\/13\/13-4-2014-ilmenau-slalom\/","name":"13.4.2014 \u2013 Ilmenau Slalom - Automobilsport Hamburg-Nord e.V. im ADAC","isPartOf":{"@id":"https:\/\/as-hh-nord.de\/home\/#website"},"primaryImageOfPage":{"@id":"https:\/\/as-hh-nord.de\/home\/2014\/04\/13\/13-4-2014-ilmenau-slalom\/#primaryimage"},"image":{"@id":"https:\/\/as-hh-nord.de\/home\/2014\/04\/13\/13-4-2014-ilmenau-slalom\/#primaryimage"},"thumbnailUrl":"https:\/\/as-hh-nord.de\/wp-content\/uploads\/2022\/03\/20140413-Ilmenau02.jpg","datePublished":"2014-04-13T13:56:00+00:00","dateModified":"2022-03-19T14:59:13+00:00","author":{"@id":"https:\/\/as-hh-nord.de\/home\/#\/schema\/person\/b39f77383e560a709fdae3435ff73c0f"},"breadcrumb":{"@id":"https:\/\/as-hh-nord.de\/home\/2014\/04\/13\/13-4-2014-ilmenau-slalom\/#breadcrumb"},"inLanguage":"de","potentialAction":[{"@type":"ReadAction","target":["https:\/\/as-hh-nord.de\/home\/2014\/04\/13\/13-4-2014-ilmenau-slalom\/"]}]},{"@type":"ImageObject","inLanguage":"de","@id":"https:\/\/as-hh-nord.de\/home\/2014\/04\/13\/13-4-2014-ilmenau-slalom\/#primaryimage","url":"https:\/\/as-hh-nord.de\/wp-content\/uploads\/2022\/03\/20140413-Ilmenau02.jpg","contentUrl":"https:\/\/as-hh-nord.de\/wp-content\/uploads\/2022\/03\/20140413-Ilmenau02.jpg","width":639,"height":425},{"@type":"BreadcrumbList","@id":"https:\/\/as-hh-nord.de\/home\/2014\/04\/13\/13-4-2014-ilmenau-slalom\/#breadcrumb","itemListElement":[{"@type":"ListItem","position":1,"name":"Startseite","item":"https:\/\/as-hh-nord.de\/home\/"},{"@type":"ListItem","position":2,"name":"13.4.2014 \u2013 Ilmenau Slalom"}]},{"@type":"WebSite","@id":"https:\/\/as-hh-nord.de\/home\/#website","url":"https:\/\/as-hh-nord.de\/home\/","name":"Automobilsport Hamburg-Nord e.V. im ADAC","description":"","potentialAction":[{"@type":"SearchAction","target":{"@type":"EntryPoint","urlTemplate":"https:\/\/as-hh-nord.de\/home\/?s={search_term_string}"},"query-input":{"@type":"PropertyValueSpecification","valueRequired":true,"valueName":"search_term_string"}}],"inLanguage":"de"},{"@type":"Person","@id":"https:\/\/as-hh-nord.de\/home\/#\/schema\/person\/b39f77383e560a709fdae3435ff73c0f","name":"Reinhard Stoldt","image":{"@type":"ImageObject","inLanguage":"de","@id":"https:\/\/secure.gravatar.com\/avatar\/5e8e6842f9b215f30012b87b27c7eafe610cd3acd485b024feb3a1d5b48c0a70?s=96&d=mm&r=g","url":"https:\/\/secure.gravatar.com\/avatar\/5e8e6842f9b215f30012b87b27c7eafe610cd3acd485b024feb3a1d5b48c0a70?s=96&d=mm&r=g","contentUrl":"https:\/\/secure.gravatar.com\/avatar\/5e8e6842f9b215f30012b87b27c7eafe610cd3acd485b024feb3a1d5b48c0a70?s=96&d=mm&r=g","caption":"Reinhard Stoldt"},"url":"https:\/\/as-hh-nord.de\/home\/author\/reinhard-stoldt\/"}]}},"_links":{"self":[{"href":"https:\/\/as-hh-nord.de\/home\/wp-json\/wp\/v2\/posts\/1002","targetHints":{"allow":["GET"]}}],"collection":[{"href":"https:\/\/as-hh-nord.de\/home\/wp-json\/wp\/v2\/posts"}],"about":[{"href":"https:\/\/as-hh-nord.de\/home\/wp-json\/wp\/v2\/types\/post"}],"author":[{"embeddable":true,"href":"https:\/\/as-hh-nord.de\/home\/wp-json\/wp\/v2\/users\/2"}],"replies":[{"embeddable":true,"href":"https:\/\/as-hh-nord.de\/home\/wp-json\/wp\/v2\/comments?post=1002"}],"version-history":[{"count":1,"href":"https:\/\/as-hh-nord.de\/home\/wp-json\/wp\/v2\/posts\/1002\/revisions"}],"predecessor-version":[{"id":1005,"href":"https:\/\/as-hh-nord.de\/home\/wp-json\/wp\/v2\/posts\/1002\/revisions\/1005"}],"wp:featuredmedia":[{"embeddable":true,"href":"https:\/\/as-hh-nord.de\/home\/wp-json\/wp\/v2\/media\/1004"}],"wp:attachment":[{"href":"https:\/\/as-hh-nord.de\/home\/wp-json\/wp\/v2\/media?parent=1002"}],"wp:term":[{"taxonomy":"category","embeddable":true,"href":"https:\/\/as-hh-nord.de\/home\/wp-json\/wp\/v2\/categories?post=1002"},{"taxonomy":"post_tag","embeddable":true,"href":"https:\/\/as-hh-nord.de\/home\/wp-json\/wp\/v2\/tags?post=1002"}],"curies":[{"name":"wp","href":"https:\/\/api.w.org\/{rel}","templated":true}]}}